{"id":32,"date":"2019-10-08T16:06:00","date_gmt":"2019-10-08T14:06:00","guid":{"rendered":"https:\/\/podzial.rodzinne.com.pl\/news\/?p=32"},"modified":"2025-04-09T22:02:24","modified_gmt":"2025-04-09T20:02:24","slug":"zakaz-podzialu-nieruchomosci-przy-skazaniu-za-znecanie","status":"publish","type":"post","link":"https:\/\/podzial.rodzinne.com.pl\/news\/zakaz-podzialu-nieruchomosci-przy-skazaniu-za-znecanie\/","title":{"rendered":"Zakaz podzia\u0142u nieruchomo\u015bci przy skazaniu za zn\u0119canie"},"content":{"rendered":"\n<p>S\u0105d Najwy\u017cszy w postanowieniu z dnia 7 czerwca 2019 roku (Sygn. akt <a href=\"https:\/\/podzial.rodzinne.com.pl\/pdf\/v-cz-30-19.pdf\">V CZ 30\/19<\/a>)stwierdzi\u0142, \u017ce je\u017celi jeden z ma\u0142\u017conk\u00f3w zosta\u0142 skazany za zn\u0119canie si\u0119 nad rodzin\u0105 to nie mo\u017ce domaga\u0107 si\u0119 takiego podzia\u0142u nieruchomo\u015bci, kt\u00f3ry doprowadzi\u0142by do sytuacji \u017ce sta\u0142by si\u0119 s\u0105siadem swojej by\u0142ej ju\u017c \u017cony.<\/p>\n\n\n\n<p>W opisywanej sprawie podzia\u0142 nieruchomo\u015bci mia\u0142 polega\u0107 na podziale wsp\u00f3lnego domu na 2 mieszkania (jedno dla \u017cony a drugie dla m\u0119\u017ca). Powa\u017cny konflikt stron wynikaj\u0105cy z faktu zn\u0119cania si\u0119 uczestnika nad by\u0142\u0105 \u017con\u0105 i ma\u0142oletnimi dzie\u0107mi, co ustalono w procesie karnym, stanowi okoliczno\u015b\u0107 uniemo\u017cliwiaj\u0105c\u0105 podzia\u0142 nieruchomo\u015bci pomimo istnienia co do tego technicznych mo\u017cliwo\u015bci. Mimo \u017ce podzia\u0142 przedmiotu wsp\u00f3\u0142w\u0142asno\u015bci jest ze swej istoty najw\u0142a\u015bciwszym sposobem wyj\u015bcia ze wsp\u00f3\u0142w\u0142asno\u015bci, to rozwa\u017ceniu musz\u0105 podlega\u0107 wszystkie okoliczno\u015bci, w tym ewentualna sprzeczno\u015b\u0107 podzia\u0142u ze spo\u0142eczno-gospodarczym przeznaczeniem nieruchomo\u015bci, gdy\u017c w razie wyodr\u0119bnienia lokali powstanie konieczno\u015b\u0107 wsp\u00f3\u0142dzia\u0142ania ich w\u0142a\u015bcicieli w celu utrzymania cz\u0119\u015bci wsp\u00f3lnych budynku. Nakazuje to wnikliwe rozwa\u017cenie, czy wsp\u00f3\u0142w\u0142a\u015bciciele b\u0119d\u0105 w stanie ze sob\u0105 wsp\u00f3\u0142pracowa\u0107. W okoliczno\u015bciach sprawy nie chodzi o typowy konflikt rozwiedzionych ma\u0142\u017conk\u00f3w, lecz o skazanie uczestnika za zn\u0119canie si\u0119 nad wnioskodawczyni\u0105 i ma\u0142oletnimi dzie\u0107mi oraz za gro\u017aby karalne w stosunku do partnera wnioskodawczyni. Celem podzia\u0142u jest przyznanie ka\u017cdemu z w\u0142a\u015bcicieli lokalu, w kt\u00f3rym m\u00f3g\u0142by zamieszka\u0107, bo takie jest spo\u0142eczno-gospodarcze przeznaczenie nieruchomo\u015bci. Dokonanie podzia\u0142u przy za\u0142o\u017ceniu sprzeda\u017cy lokalu przez jednego ze wsp\u00f3\u0142w\u0142a\u015bcicieli z powodu uzasadnionej obawy przed drugim wsp\u00f3\u0142w\u0142a\u015bcicielem zaprzecza takiemu przeznaczeniu.<\/p>\n\n\n\n<div class=\"wp-block-buttons is-layout-flex wp-block-buttons-is-layout-flex\">\n<div class=\"wp-block-button\"><a class=\"wp-block-button__link has-accent-3-background-color has-background wp-element-button\" href=\"https:\/\/podzial.rodzinne.com.pl\/pdf\/v-cz-30-19.pdf\">tre\u015b\u0107 orzeczenia<\/a><\/div>\n<\/div>\n\n\n\n<p><\/p>\n","protected":false},"excerpt":{"rendered":"<p>S\u0105d Najwy\u017cszy w postanowieniu z dnia 7 czerwca 2019 roku (Sygn. akt V CZ 30\/19)stwierdzi\u0142, \u017ce je\u017celi jeden z ma\u0142\u017conk\u00f3w zosta\u0142 skazany za zn\u0119canie si\u0119 nad rodzin\u0105 to nie mo\u017ce domaga\u0107 si\u0119 takiego podzia\u0142u nieruchomo\u015bci, kt\u00f3ry doprowadzi\u0142by do sytuacji \u017ce sta\u0142by si\u0119 s\u0105siadem swojej by\u0142ej ju\u017c \u017cony. W opisywanej sprawie podzia\u0142 nieruchomo\u015bci mia\u0142 polega\u0107 na [&hellip;]<\/p>\n","protected":false},"author":1,"featured_media":0,"comment_status":"open","ping_status":"open","sticky":false,"template":"","format":"standard","meta":{"footnotes":""},"categories":[2],"tags":[143,83,142,140,141],"class_list":["post-32","post","type-post","status-publish","format-standard","hentry","category-news-pl","tag-konflikt","tag-nieruchomosci","tag-skazanie","tag-zakaz-podzialu","tag-znecanie"],"_links":{"self":[{"href":"https:\/\/podzial.rodzinne.com.pl\/news\/wp-json\/wp\/v2\/posts\/32","targetHints":{"allow":["GET"]}}],"collection":[{"href":"https:\/\/podzial.rodzinne.com.pl\/news\/wp-json\/wp\/v2\/posts"}],"about":[{"href":"https:\/\/podzial.rodzinne.com.pl\/news\/wp-json\/wp\/v2\/types\/post"}],"author":[{"embeddable":true,"href":"https:\/\/podzial.rodzinne.com.pl\/news\/wp-json\/wp\/v2\/users\/1"}],"replies":[{"embeddable":true,"href":"https:\/\/podzial.rodzinne.com.pl\/news\/wp-json\/wp\/v2\/comments?post=32"}],"version-history":[{"count":4,"href":"https:\/\/podzial.rodzinne.com.pl\/news\/wp-json\/wp\/v2\/posts\/32\/revisions"}],"predecessor-version":[{"id":499,"href":"https:\/\/podzial.rodzinne.com.pl\/news\/wp-json\/wp\/v2\/posts\/32\/revisions\/499"}],"wp:attachment":[{"href":"https:\/\/podzial.rodzinne.com.pl\/news\/wp-json\/wp\/v2\/media?parent=32"}],"wp:term":[{"taxonomy":"category","embeddable":true,"href":"https:\/\/podzial.rodzinne.com.pl\/news\/wp-json\/wp\/v2\/categories?post=32"},{"taxonomy":"post_tag","embeddable":true,"href":"https:\/\/podzial.rodzinne.com.pl\/news\/wp-json\/wp\/v2\/tags?post=32"}],"curies":[{"name":"wp","href":"https:\/\/api.w.org\/{rel}","templated":true}]}}