{"id":322,"date":"2020-02-03T14:34:00","date_gmt":"2020-02-03T13:34:00","guid":{"rendered":"https:\/\/podzial.rodzinne.com.pl\/news\/?p=322"},"modified":"2025-04-09T21:56:35","modified_gmt":"2025-04-09T19:56:35","slug":"podzial-udzialow-w-spolce-z-o-o-w-ktorej-malzonek-nie-jest-wspolnikiem","status":"publish","type":"post","link":"https:\/\/podzial.rodzinne.com.pl\/news\/podzial-udzialow-w-spolce-z-o-o-w-ktorej-malzonek-nie-jest-wspolnikiem\/","title":{"rendered":"Podzia\u0142 udzia\u0142\u00f3w w Sp\u00f3\u0142ce z o. o., w kt\u00f3rej ma\u0142\u017conek nie jest wsp\u00f3lnikiem"},"content":{"rendered":"\n<p>Dokonuj\u0105c podzia\u0142u maj\u0105tku, kt\u00f3ry by\u0142 obj\u0119ty wsp\u00f3lno\u015bci\u0105 ustawow\u0105, S\u0105d mo\u017ce przyzna\u0107 nale\u017c\u0105ce do tego maj\u0105tku udzia\u0142y w sp\u00f3\u0142ce z ograniczon\u0105 odpowiedzialno\u015bci\u0105 by\u0142emu ma\u0142\u017conkowi nieb\u0119d\u0105cemu wsp\u00f3lnikiem tylko za jego zgod\u0105. Do powy\u017cszych wniosk\u00f3w doszed\u0142 S\u0105d Najwy\u017cszy w postanowieniu z 16 marca 2018 r. (sygn. akt: IV CSK 105\/17).<\/p>\n\n\n\n<p>Powy\u017csza konstatacja dotyczy sytuacji, w kt\u00f3rej udzia\u0142y w sp\u00f3\u0142ce z ograniczon\u0105 odpowiedzialno\u015bci\u0105 zosta\u0142y nabyte za \u015brodki nale\u017c\u0105cych do maj\u0105tku wsp\u00f3lnego ma\u0142\u017conk\u00f3w, ale tylko jeden z&nbsp;nich zosta\u0142 wsp\u00f3lnikiem tej sp\u00f3\u0142ki. Taki stan rzeczy jest oczywi\u015bcie mo\u017cliwy, gdy\u017c, jak stwierdzi\u0142 S\u0105d, nale\u017cy wyra\u017anie odr\u00f3\u017cni\u0107 sfer\u0119 maj\u0105tkow\u0105 od sfery korporacyjnej.<\/p>\n\n\n\n<p>S\u0105d zauwa\u017cy\u0142 tak\u017ce, \u017ce ma\u0142\u017conek nie b\u0119d\u0105cy dot\u0105d wsp\u00f3lnikiem Sp\u00f3\u0142ki, mo\u017ce si\u0119 nim sta\u0107 na podstawie postanowienia s\u0105du wydanego w sprawie o podzia\u0142 maj\u0105tku wsp\u00f3lnego ma\u0142\u017conk\u00f3w po ustaniu wsp\u00f3lno\u015bci ustawowej. Nie mo\u017cna jednak uczyni\u0107 kogo\u015b wsp\u00f3lnikiem bez jego zgody. Wynika to z faktu, \u017ce zasada dobrowolno\u015bci uczestnictwa odnosi si\u0119 do wszystkich korporacji (zrzesze\u0144 os\u00f3b) &#8211; a korporacj\u0105, mimo wyra\u017anych element\u00f3w kapita\u0142owych, jest r\u00f3wnie\u017c sp\u00f3\u0142ka z o.o.<\/p>\n\n\n\n<p>Powy\u017cszy wyw\u00f3d zosta\u0142 wsparty bogatym orzecznictwem S\u0105du Najwy\u017cszego, min. uchwa\u0142\u0105 S\u0105du Najwy\u017cszego z 7 lipca 2016 r., III CZP 32\/16, postanowieniem z 23 listopada 2000 r., I CKN 950\/98, czy wyrokami: z 20 maja 1999 r., I CKN 1146\/97; z 5 pa\u017adziernika 2005 r., IV CK 99\/05; z 21 stycznia 2009 r., II CSK 446\/08.<\/p>\n\n\n\n<p>W przedstawionej sytuacji na rzecz ma\u0142\u017conka nieb\u0119d\u0105cego wsp\u00f3lnikiem zamiast udzia\u0142\u00f3w s\u0105d przyzna sp\u0142at\u0119 (a wi\u0119c pieni\u0119\u017cn\u0105 r\u00f3wnowarto\u015b\u0107 nale\u017cnej mu cz\u0119\u015bci udzia\u0142\u00f3w w&nbsp;Sp\u00f3\u0142ce). Oczywi\u015bcie pod warunkiem, ze dany ma\u0142\u017conek nie zgadza si\u0119 na \u201ewej\u015bcie\u201d do Sp\u00f3\u0142ki.<\/p>\n","protected":false},"excerpt":{"rendered":"<p>Dokonuj\u0105c podzia\u0142u maj\u0105tku, kt\u00f3ry by\u0142 obj\u0119ty wsp\u00f3lno\u015bci\u0105 ustawow\u0105, S\u0105d mo\u017ce przyzna\u0107 nale\u017c\u0105ce do tego maj\u0105tku udzia\u0142y w sp\u00f3\u0142ce z ograniczon\u0105 odpowiedzialno\u015bci\u0105 by\u0142emu ma\u0142\u017conkowi nieb\u0119d\u0105cemu wsp\u00f3lnikiem tylko za jego zgod\u0105. Do powy\u017cszych wniosk\u00f3w doszed\u0142 S\u0105d Najwy\u017cszy w postanowieniu z 16 marca 2018 r. (sygn. akt: IV CSK 105\/17). Powy\u017csza konstatacja dotyczy sytuacji, w kt\u00f3rej udzia\u0142y w [&hellip;]<\/p>\n","protected":false},"author":1,"featured_media":0,"comment_status":"closed","ping_status":"open","sticky":false,"template":"","format":"standard","meta":{"footnotes":""},"categories":[2],"tags":[38,31,84,42],"class_list":["post-322","post","type-post","status-publish","format-standard","hentry","category-news-pl","tag-majatek-wspolny","tag-podzial","tag-splata","tag-udzialy"],"_links":{"self":[{"href":"https:\/\/podzial.rodzinne.com.pl\/news\/wp-json\/wp\/v2\/posts\/322","targetHints":{"allow":["GET"]}}],"collection":[{"href":"https:\/\/podzial.rodzinne.com.pl\/news\/wp-json\/wp\/v2\/posts"}],"about":[{"href":"https:\/\/podzial.rodzinne.com.pl\/news\/wp-json\/wp\/v2\/types\/post"}],"author":[{"embeddable":true,"href":"https:\/\/podzial.rodzinne.com.pl\/news\/wp-json\/wp\/v2\/users\/1"}],"replies":[{"embeddable":true,"href":"https:\/\/podzial.rodzinne.com.pl\/news\/wp-json\/wp\/v2\/comments?post=322"}],"version-history":[{"count":1,"href":"https:\/\/podzial.rodzinne.com.pl\/news\/wp-json\/wp\/v2\/posts\/322\/revisions"}],"predecessor-version":[{"id":323,"href":"https:\/\/podzial.rodzinne.com.pl\/news\/wp-json\/wp\/v2\/posts\/322\/revisions\/323"}],"wp:attachment":[{"href":"https:\/\/podzial.rodzinne.com.pl\/news\/wp-json\/wp\/v2\/media?parent=322"}],"wp:term":[{"taxonomy":"category","embeddable":true,"href":"https:\/\/podzial.rodzinne.com.pl\/news\/wp-json\/wp\/v2\/categories?post=322"},{"taxonomy":"post_tag","embeddable":true,"href":"https:\/\/podzial.rodzinne.com.pl\/news\/wp-json\/wp\/v2\/tags?post=322"}],"curies":[{"name":"wp","href":"https:\/\/api.w.org\/{rel}","templated":true}]}}