{"id":326,"date":"2020-03-02T14:38:00","date_gmt":"2020-03-02T13:38:00","guid":{"rendered":"https:\/\/podzial.rodzinne.com.pl\/news\/?p=326"},"modified":"2025-04-09T21:55:41","modified_gmt":"2025-04-09T19:55:41","slug":"rozliczenie-majatkowe-miedzy-bylymi-konkubentami","status":"publish","type":"post","link":"https:\/\/podzial.rodzinne.com.pl\/news\/rozliczenie-majatkowe-miedzy-bylymi-konkubentami\/","title":{"rendered":"Rozliczenie maj\u0105tkowe mi\u0119dzy by\u0142ymi konkubentami"},"content":{"rendered":"\n<p>Konkubinat nie zosta\u0142 uregulowany w \u017cadnym akcie prawnym, jednak ze wzgl\u0119du na okoliczno\u015bci wielokrotnie by\u0142 definiowany na potrzeby konkretnych post\u0119powa\u0144 przed s\u0105dami. Uznaje si\u0119 go za prawnie nieuregulowane wsp\u00f3lne \u017cycie dw\u00f3ch os\u00f3b, na kt\u00f3re sk\u0142adaj\u0105 si\u0119 wi\u0119zi emocjonalne, fizyczne oraz ekonomiczne. Jednak bez wzgl\u0119du na d\u0142ugo\u015b\u0107 trwania zwi\u0105zku czy inne czynniki, nie jest mo\u017cliwe stosowanie do konkubinatu przepis\u00f3w z zakresu ma\u0142\u017ce\u0144skich stosunk\u00f3w maj\u0105tkowych. W przeciwie\u0144stwie do nich, w konkubinacie nie wyst\u0119puje domniemanie wsp\u00f3\u0142w\u0142asno\u015bci (wsp\u00f3lno\u015bci rzeczy). Takie zastosowanie przepis\u00f3w przez analogi\u0119, oznacza\u0142oby zr\u00f3wnanie pod tym wzgl\u0119dem ma\u0142\u017ce\u0144stwa i konkubinatu. Ta kwestia zosta\u0142a poruszona mi\u0119dzy innymi w wyroku S\u0105du Okr\u0119gowego w Olsztynie z dnia 13 listopada 2019 r. o sygn. IX Ca 1195\/19.<\/p>\n\n\n\n<p>Zgodnie z powo\u0142anym orzeczeniem nie ma podstaw do stosowania w przypadku rozliczenia konkubinatu przepis\u00f3w dotycz\u0105cych ma\u0142\u017ce\u0144skich stosunk\u00f3w maj\u0105tkowych, nawet w drodze analogii poniewa\u017c oznacza\u0142oby to de facto zr\u00f3wnanie pod tym wzgl\u0119dem ma\u0142\u017ce\u0144stwa i konkubinatu &#8211; do czego nie ma prawnej podstawy. W szczeg\u00f3lno\u015bci za\u015b dlatego, \u017ce burzy\u0142oby to ukszta\u0142towany system prawny, w&nbsp;kt\u00f3rym konkubinat zosta\u0142 \u015bwiadomie uznany za nie podlegaj\u0105cy regulacji przez przepisy kodeksu rodzinnego i opieku\u0144czego.<\/p>\n\n\n\n<p>Do rozlicze\u0144 maj\u0105tkowych pomi\u0119dzy osobami pozostaj\u0105cymi w trwa\u0142ym zwi\u0105zku faktycznym, je\u017celi nie istnia\u0142 mi\u0119dzy stronami jakikolwiek stosunek umowny w tym zakresie, mog\u0105 mie\u0107 zastosowanie przepisy o bezpodstawnym wzbogaceniu (art. 405 Kodeksu Cywilnego). W takim przypadku nale\u017cy wykaza\u0107 wzbogacenie jednej ze stron oraz brak podstawy prawnej wzbogacenia.<\/p>\n\n\n\n<p>Mo\u017cliwe jest tak\u017ce wsp\u00f3lne nabycie rzeczy ruchomej, nieruchomo\u015bci czy wsp\u00f3lne wzi\u0119cie kredytu. W takim przypadku partnerzy staj\u0105 si\u0119 wsp\u00f3\u0142w\u0142a\u015bcicielami. Nie ma tutaj znaczenia fakt pozostawania w&nbsp;konkubinacie. Ka\u017cdy ze wsp\u00f3\u0142w\u0142a\u015bcicieli mo\u017ce \u017c\u0105da\u0107 zniesienia wsp\u00f3\u0142w\u0142asno\u015bci.<\/p>\n","protected":false},"excerpt":{"rendered":"<p>Konkubinat nie zosta\u0142 uregulowany w \u017cadnym akcie prawnym, jednak ze wzgl\u0119du na okoliczno\u015bci wielokrotnie by\u0142 definiowany na potrzeby konkretnych post\u0119powa\u0144 przed s\u0105dami. Uznaje si\u0119 go za prawnie nieuregulowane wsp\u00f3lne \u017cycie dw\u00f3ch os\u00f3b, na kt\u00f3re sk\u0142adaj\u0105 si\u0119 wi\u0119zi emocjonalne, fizyczne oraz ekonomiczne. Jednak bez wzgl\u0119du na d\u0142ugo\u015b\u0107 trwania zwi\u0105zku czy inne czynniki, nie jest mo\u017cliwe stosowanie [&hellip;]<\/p>\n","protected":false},"author":1,"featured_media":0,"comment_status":"closed","ping_status":"open","sticky":false,"template":"","format":"standard","meta":{"footnotes":""},"categories":[2],"tags":[130,129,9,41,131],"class_list":["post-326","post","type-post","status-publish","format-standard","hentry","category-news-pl","tag-kodeks-rodzinny-i-opiekunczy","tag-konkubent","tag-majatek","tag-rozliczenie","tag-wspolwlasciciel"],"_links":{"self":[{"href":"https:\/\/podzial.rodzinne.com.pl\/news\/wp-json\/wp\/v2\/posts\/326","targetHints":{"allow":["GET"]}}],"collection":[{"href":"https:\/\/podzial.rodzinne.com.pl\/news\/wp-json\/wp\/v2\/posts"}],"about":[{"href":"https:\/\/podzial.rodzinne.com.pl\/news\/wp-json\/wp\/v2\/types\/post"}],"author":[{"embeddable":true,"href":"https:\/\/podzial.rodzinne.com.pl\/news\/wp-json\/wp\/v2\/users\/1"}],"replies":[{"embeddable":true,"href":"https:\/\/podzial.rodzinne.com.pl\/news\/wp-json\/wp\/v2\/comments?post=326"}],"version-history":[{"count":2,"href":"https:\/\/podzial.rodzinne.com.pl\/news\/wp-json\/wp\/v2\/posts\/326\/revisions"}],"predecessor-version":[{"id":495,"href":"https:\/\/podzial.rodzinne.com.pl\/news\/wp-json\/wp\/v2\/posts\/326\/revisions\/495"}],"wp:attachment":[{"href":"https:\/\/podzial.rodzinne.com.pl\/news\/wp-json\/wp\/v2\/media?parent=326"}],"wp:term":[{"taxonomy":"category","embeddable":true,"href":"https:\/\/podzial.rodzinne.com.pl\/news\/wp-json\/wp\/v2\/categories?post=326"},{"taxonomy":"post_tag","embeddable":true,"href":"https:\/\/podzial.rodzinne.com.pl\/news\/wp-json\/wp\/v2\/tags?post=326"}],"curies":[{"name":"wp","href":"https:\/\/api.w.org\/{rel}","templated":true}]}}