{"id":328,"date":"2020-04-01T14:39:00","date_gmt":"2020-04-01T12:39:00","guid":{"rendered":"https:\/\/podzial.rodzinne.com.pl\/news\/?p=328"},"modified":"2025-04-09T21:53:53","modified_gmt":"2025-04-09T19:53:53","slug":"upadlosc-konsumencka-a-majatek-wspolny-malzonkow","status":"publish","type":"post","link":"https:\/\/podzial.rodzinne.com.pl\/news\/upadlosc-konsumencka-a-majatek-wspolny-malzonkow\/","title":{"rendered":"Upad\u0142o\u015b\u0107 konsumencka a maj\u0105tek wsp\u00f3lny ma\u0142\u017conk\u00f3w"},"content":{"rendered":"\n<p>W przypadku og\u0142oszenia upad\u0142o\u015bci d\u0142u\u017cnika, jego maj\u0105tek wchodzi do tak zwanej masy upad\u0142o\u015bciowej, z kt\u00f3rej nast\u0119pnie zaspokajaj\u0105 si\u0119 wierzyciele. Jednak, je\u017celi d\u0142u\u017cnik pozostaje w zwi\u0105zku ma\u0142\u017ce\u0144skim a pomi\u0119dzy ma\u0142\u017conkami istnieje wsp\u00f3lno\u015b\u0107 maj\u0105tkowa, powstaje pytanie co z maj\u0105tkiem wsp\u00f3lnym. Czy on te\u017c trafia do masy upad\u0142o\u015bciowej czy te\u017c jest z niej wy\u0142\u0105czony.<\/p>\n\n\n\n<p>Sytuacja jest jasna, gdy ma\u0142\u017conek-d\u0142u\u017cnik prowadzi\u0142 dzia\u0142alno\u015b\u0107 gospodarcz\u0105. Zagadnienia te reguluje wprost art. 124 ustawy prawo upad\u0142o\u015bciowe, kt\u00f3ry stanowi, \u017ce z dniem og\u0142oszenia upad\u0142o\u015bci mi\u0119dzy ma\u0142\u017conkami powstaje rozdzielno\u015b\u0107 maj\u0105tkowa, maj\u0105tek wsp\u00f3lny ma\u0142\u017conk\u00f3w wchodzi do masy upad\u0142o\u015bci, a jego podzia\u0142 jest niedopuszczalny. Ma\u0142\u017conek upad\u0142ego mo\u017ce w takiej sytuacji jedynie dochodzi\u0107 nale\u017cno\u015bci z tytu\u0142u udzia\u0142u w maj\u0105tku wsp\u00f3lnym, zg\u0142aszaj\u0105c t\u0119 wierzytelno\u015b\u0107 s\u0119dziemu-komisarzowi. Oznacza to, ze interes wierzyciela jest traktowany priorytetowo wzgl\u0119dem interesu wsp\u00f3\u0142ma\u0142\u017conka.<\/p>\n\n\n\n<p>W doktrynie i orzecznictwie sporna by\u0142a kwestia maj\u0105tku wsp\u00f3lnego przy upad\u0142o\u015bci konsumenckiej, w kt\u00f3rej przytaczany powy\u017cej art. 124 ustawy prawo upad\u0142o\u015bciowe stosuje si\u0119 jedynie odpowiednio. Ostatecznie zagadnienie to rozstrzygn\u0105\u0142 S\u0105d Najwy\u017cszy uchwa\u0142\u0105 z dnia 16 grudnia 2019 r. (sygn. akt: III CZP 7\/19), w kt\u00f3rej stwierdzi\u0142, \u017ce przy upad\u0142o\u015bci konsumenckiej maj\u0105 zastosowanie zasady og\u00f3lne, a wi\u0119c:<\/p>\n\n\n\n<ul class=\"wp-block-list\">\n<li>mi\u0119dzy ma\u0142\u017conkami powstaje rozdzielno\u015b\u0107 maj\u0105tkowa,<\/li>\n\n\n\n<li>ca\u0142y maj\u0105tek wsp\u00f3lny wchodzi do masy upad\u0142o\u015bciowej i<\/li>\n\n\n\n<li>podzia\u0142 maj\u0105tku wsp\u00f3lnego jest niedopuszczalny.<\/li>\n<\/ul>\n\n\n\n<p>Ma\u0142\u017conek mo\u017ce zg\u0142osi\u0107 swoje \u017c\u0105dania do nale\u017cnej mu cz\u0119\u015bci maj\u0105tku s\u0119dziemu-komisarzowi.<\/p>\n","protected":false},"excerpt":{"rendered":"<p>W przypadku og\u0142oszenia upad\u0142o\u015bci d\u0142u\u017cnika, jego maj\u0105tek wchodzi do tak zwanej masy upad\u0142o\u015bciowej, z kt\u00f3rej nast\u0119pnie zaspokajaj\u0105 si\u0119 wierzyciele. Jednak, je\u017celi d\u0142u\u017cnik pozostaje w zwi\u0105zku ma\u0142\u017ce\u0144skim a pomi\u0119dzy ma\u0142\u017conkami istnieje wsp\u00f3lno\u015b\u0107 maj\u0105tkowa, powstaje pytanie co z maj\u0105tkiem wsp\u00f3lnym. Czy on te\u017c trafia do masy upad\u0142o\u015bciowej czy te\u017c jest z niej wy\u0142\u0105czony. Sytuacja jest jasna, gdy [&hellip;]<\/p>\n","protected":false},"author":1,"featured_media":0,"comment_status":"closed","ping_status":"open","sticky":false,"template":"","format":"standard","meta":{"footnotes":""},"categories":[2],"tags":[38,128],"class_list":["post-328","post","type-post","status-publish","format-standard","hentry","category-news-pl","tag-majatek-wspolny","tag-upadlosc-konsumencka"],"_links":{"self":[{"href":"https:\/\/podzial.rodzinne.com.pl\/news\/wp-json\/wp\/v2\/posts\/328","targetHints":{"allow":["GET"]}}],"collection":[{"href":"https:\/\/podzial.rodzinne.com.pl\/news\/wp-json\/wp\/v2\/posts"}],"about":[{"href":"https:\/\/podzial.rodzinne.com.pl\/news\/wp-json\/wp\/v2\/types\/post"}],"author":[{"embeddable":true,"href":"https:\/\/podzial.rodzinne.com.pl\/news\/wp-json\/wp\/v2\/users\/1"}],"replies":[{"embeddable":true,"href":"https:\/\/podzial.rodzinne.com.pl\/news\/wp-json\/wp\/v2\/comments?post=328"}],"version-history":[{"count":1,"href":"https:\/\/podzial.rodzinne.com.pl\/news\/wp-json\/wp\/v2\/posts\/328\/revisions"}],"predecessor-version":[{"id":329,"href":"https:\/\/podzial.rodzinne.com.pl\/news\/wp-json\/wp\/v2\/posts\/328\/revisions\/329"}],"wp:attachment":[{"href":"https:\/\/podzial.rodzinne.com.pl\/news\/wp-json\/wp\/v2\/media?parent=328"}],"wp:term":[{"taxonomy":"category","embeddable":true,"href":"https:\/\/podzial.rodzinne.com.pl\/news\/wp-json\/wp\/v2\/categories?post=328"},{"taxonomy":"post_tag","embeddable":true,"href":"https:\/\/podzial.rodzinne.com.pl\/news\/wp-json\/wp\/v2\/tags?post=328"}],"curies":[{"name":"wp","href":"https:\/\/api.w.org\/{rel}","templated":true}]}}