{"id":330,"date":"2020-05-01T14:40:00","date_gmt":"2020-05-01T12:40:00","guid":{"rendered":"https:\/\/podzial.rodzinne.com.pl\/news\/?p=330"},"modified":"2025-04-09T21:53:05","modified_gmt":"2025-04-09T19:53:05","slug":"odpowiedzialnosc-za-dlugi-powstale-przed-zawarciem-zwiazku-malzenskiego","status":"publish","type":"post","link":"https:\/\/podzial.rodzinne.com.pl\/news\/odpowiedzialnosc-za-dlugi-powstale-przed-zawarciem-zwiazku-malzenskiego\/","title":{"rendered":"Odpowiedzialno\u015b\u0107 za d\u0142ugi powsta\u0142e przed zawarciem zwi\u0105zku ma\u0142\u017ce\u0144skiego"},"content":{"rendered":"\n<p>Zgodnie z art. 31 \u00a7 1 Kodeksu, z chwil\u0105 zawarcia ma\u0142\u017ce\u0144stwa powstaje mi\u0119dzy ma\u0142\u017conkami z mocy ustawy wsp\u00f3lno\u015b\u0107 maj\u0105tkowa. Obejmuje ona przedmioty maj\u0105tkowe nabyte w czasie jej trwania przez oboje ma\u0142\u017conk\u00f3w lub przez jednego z nich. Takie przedmioty wchodz\u0105 do tzw. maj\u0105tku wsp\u00f3lnego. Przedmioty maj\u0105tkowe nieobj\u0119te wsp\u00f3lno\u015bci\u0105 ustawow\u0105 nale\u017c\u0105 do maj\u0105tku osobistego ka\u017cdego z ma\u0142\u017conk\u00f3w. Jednym z przedmiot\u00f3w nale\u017c\u0105cych do maj\u0105tku osobistego ma\u0142\u017conk\u00f3w s\u0105 powsta\u0142e w trakcie ma\u0142\u017ce\u0144stwa wierzytelno\u015bci z tytu\u0142u wynagrodzenia za prac\u0119 lub z tytu\u0142u innej dzia\u0142alno\u015bci zarobkowej jednego z ma\u0142\u017conk\u00f3w.<\/p>\n\n\n\n<p>W \u015bwietle&nbsp;art. 29 \u00a7 1&nbsp;ustawy z dnia 29 sierpnia 1997 r. Ordynacja podatkowa, w przypadku os\u00f3b pozostaj\u0105cych w zwi\u0105zku ma\u0142\u017ce\u0144skim odpowiedzialno\u015b\u0107 obejmuje maj\u0105tek odr\u0119bny podatnika oraz maj\u0105tek wsp\u00f3lny podatnika i jego ma\u0142\u017conka.<\/p>\n\n\n\n<p>W takim razie nasuwa si\u0119 pytanie, czy ma\u0142\u017conek poniesie odpowiedzialno\u015b\u0107 maj\u0105tkow\u0105 za zobowi\u0105zania podatkowe drugiego z ma\u0142\u017conk\u00f3w powsta\u0142e po zawarciu ma\u0142\u017ce\u0144stwa, je\u015bli zaleg\u0142o\u015bci powsta\u0142y na kilka lat przed zawarciem zwi\u0105zku ma\u0142\u017ce\u0144skiego?<\/p>\n\n\n\n<p>Odpowiedzi na to pytanie udzieli\u0142 Dyrektor Krajowej Informacji Skarbowej w interpretacji podatkowej o numerze 0111-KDIB3-1.4017.11.2019.1.KO. Podatnik, kt\u00f3ry zawar\u0142 zwi\u0105zek ma\u0142\u017ce\u0144ski bez rozdzielno\u015bci podatkowej, kilka miesi\u0119cy p\u00f3\u017aniej zakupi\u0142 wraz z ma\u0142\u017conk\u0105 mieszkanie do maj\u0105tku wsp\u00f3lnego. \u017bona Wnioskodawcy kilka lat wcze\u015bniej by\u0142a cz\u0142onkiem zarz\u0105du sp\u00f3\u0142ki z ograniczon\u0105 odpowiedzialno\u015bci\u0105. W zwi\u0105zku z t\u0105 okoliczno\u015bci\u0105 wszcz\u0119to wobec niej dwa post\u0119powania podatkowe w przedmiocie orzeczenia jej solidarnej odpowiedzialno\u015bci podatkowej za zaleg\u0142o\u015bci powsta\u0142e przed zawarciem ma\u0142\u017ce\u0144stwa.<\/p>\n\n\n\n<p>Wnioskodawca nie b\u0119dzie odpowiada\u0142 za zobowi\u0105zania podatkowe swojej \u017cony w\u0142asnym maj\u0105tkiem osobistym oraz maj\u0105tkiem wsp\u00f3lnym, kt\u00f3re powsta\u0142y w wyniku solidarnej odpowiedzialno\u015bci \u017cony za zaleg\u0142o\u015bci podatkowe sp\u00f3\u0142ki z ograniczon\u0105 odpowiedzialno\u015bci\u0105, je\u015bli zaleg\u0142o\u015b\u0107 powsta\u0142a przed zawarciem ma\u0142\u017ce\u0144stwa. Oznacza to, \u017ce do przedmiot\u00f3w maj\u0105tkowych i praw nale\u017c\u0105cych do maj\u0105tku wsp\u00f3lnego ma\u0142\u017ce\u0144skiego Wnioskodawcy i jego \u017cony nie b\u0119dzie mog\u0142a zosta\u0107 skierowana egzekucja s\u0142u\u017c\u0105ca zaspokojeniu b\u0105d\u017a zabezpieczeniu zobowi\u0105za\u0144 podatkowych obci\u0105\u017caj\u0105cych jego \u017con\u0119 z tytu\u0142u solidarnej odpowiedzialno\u015bci za zaleg\u0142o\u015bci podatkowe sp\u00f3\u0142ki z ograniczon\u0105 odpowiedzialno\u015bci\u0105.<\/p>\n\n\n\n<p>Dyrektor KIS stwierdzi\u0142 wi\u0119c, \u017ce je\u015bli zaleg\u0142o\u015b\u0107 maj\u0105tkowa powsta\u0142a przed zawarciem ma\u0142\u017ce\u0144stwa, podatnik nie b\u0119dzie odpowiada\u0142 za zobowi\u0105zania swojej \u017cony maj\u0105tkiem wsp\u00f3lnym ani osobistym. Nie musi martwi\u0107 si\u0119 o utrat\u0119 mieszkania.<\/p>\n","protected":false},"excerpt":{"rendered":"<p>Zgodnie z art. 31 \u00a7 1 Kodeksu, z chwil\u0105 zawarcia ma\u0142\u017ce\u0144stwa powstaje mi\u0119dzy ma\u0142\u017conkami z mocy ustawy wsp\u00f3lno\u015b\u0107 maj\u0105tkowa. Obejmuje ona przedmioty maj\u0105tkowe nabyte w czasie jej trwania przez oboje ma\u0142\u017conk\u00f3w lub przez jednego z nich. Takie przedmioty wchodz\u0105 do tzw. maj\u0105tku wsp\u00f3lnego. Przedmioty maj\u0105tkowe nieobj\u0119te wsp\u00f3lno\u015bci\u0105 ustawow\u0105 nale\u017c\u0105 do maj\u0105tku osobistego ka\u017cdego z ma\u0142\u017conk\u00f3w. [&hellip;]<\/p>\n","protected":false},"author":1,"featured_media":0,"comment_status":"closed","ping_status":"open","sticky":false,"template":"","format":"standard","meta":{"footnotes":""},"categories":[2],"tags":[124,123,127,126,125],"class_list":["post-330","post","type-post","status-publish","format-standard","hentry","category-news-pl","tag-dlugi","tag-odpowiedzialnosc","tag-zaleglosc","tag-zobowiazania-podatkowe","tag-zwiazek-malzenski"],"_links":{"self":[{"href":"https:\/\/podzial.rodzinne.com.pl\/news\/wp-json\/wp\/v2\/posts\/330","targetHints":{"allow":["GET"]}}],"collection":[{"href":"https:\/\/podzial.rodzinne.com.pl\/news\/wp-json\/wp\/v2\/posts"}],"about":[{"href":"https:\/\/podzial.rodzinne.com.pl\/news\/wp-json\/wp\/v2\/types\/post"}],"author":[{"embeddable":true,"href":"https:\/\/podzial.rodzinne.com.pl\/news\/wp-json\/wp\/v2\/users\/1"}],"replies":[{"embeddable":true,"href":"https:\/\/podzial.rodzinne.com.pl\/news\/wp-json\/wp\/v2\/comments?post=330"}],"version-history":[{"count":2,"href":"https:\/\/podzial.rodzinne.com.pl\/news\/wp-json\/wp\/v2\/posts\/330\/revisions"}],"predecessor-version":[{"id":494,"href":"https:\/\/podzial.rodzinne.com.pl\/news\/wp-json\/wp\/v2\/posts\/330\/revisions\/494"}],"wp:attachment":[{"href":"https:\/\/podzial.rodzinne.com.pl\/news\/wp-json\/wp\/v2\/media?parent=330"}],"wp:term":[{"taxonomy":"category","embeddable":true,"href":"https:\/\/podzial.rodzinne.com.pl\/news\/wp-json\/wp\/v2\/categories?post=330"},{"taxonomy":"post_tag","embeddable":true,"href":"https:\/\/podzial.rodzinne.com.pl\/news\/wp-json\/wp\/v2\/tags?post=330"}],"curies":[{"name":"wp","href":"https:\/\/api.w.org\/{rel}","templated":true}]}}