{"id":338,"date":"2020-09-02T14:46:00","date_gmt":"2020-09-02T12:46:00","guid":{"rendered":"https:\/\/podzial.rodzinne.com.pl\/news\/?p=338"},"modified":"2025-04-09T21:48:41","modified_gmt":"2025-04-09T19:48:41","slug":"podzial-majatku-a-prawa-w-spolce","status":"publish","type":"post","link":"https:\/\/podzial.rodzinne.com.pl\/news\/podzial-majatku-a-prawa-w-spolce\/","title":{"rendered":"Podzia\u0142 maj\u0105tku a prawa w sp\u00f3\u0142ce"},"content":{"rendered":"\n<p>Z chwil\u0105 zawarcia ma\u0142\u017ce\u0144stwa mi\u0119dzy ma\u0142\u017conkami powstaje wsp\u00f3lno\u015b\u0107 maj\u0105tkowa (ustawowa). Zgodnie z przepisami Kodeksu rodzinnego i opieku\u0144czego wsp\u00f3lno\u015b\u0107 ta obejmuje przedmioty maj\u0105tkowe nabyte w czasie jej trwania przez oboje ma\u0142\u017conk\u00f3w lub przez jednego z nich.<\/p>\n\n\n\n<p>Co dzieje si\u0119 w sytuacji, gdy w maj\u0105tku wsp\u00f3lnym znajduj\u0105 si\u0119 udzia\u0142y w sp\u00f3\u0142ce? B\u0119d\u0105 wtedy inaczej traktowane na gruncie stosunk\u00f3w maj\u0105tkowych mi\u0119dzy ma\u0142\u017conkami a inaczej w relacji mi\u0119dzy sp\u00f3\u0142k\u0105 a jej wsp\u00f3lnikami.<\/p>\n\n\n\n<p>W postanowieniu z 31.01.2013 r., II CSK 349\/12 S\u0105d Najwy\u017cszy wskaza\u0142, \u017ce udzia\u0142y w sp\u00f3\u0142ce z ograniczon\u0105 odpowiedzialno\u015bci\u0105 nabyte przez jedno z ma\u0142\u017conk\u00f3w za \u015brodki z maj\u0105tku wsp\u00f3lnego wchodz\u0105 do tego maj\u0105tku. Stanowisko takie akceptowane jest w pi\u015bmiennictwie i orzecznictwie. Zastrzega si\u0119 jednak\u017ce, \u017ce skutkiem niesp\u00f3jno\u015bci pomi\u0119dzy prawem handlowym a prawem rodzinnym jest trudno\u015b\u0107 pogodzenia wynikaj\u0105cego z umowy sp\u00f3\u0142ki statusu wsp\u00f3lnika, przys\u0142uguj\u0105cego tylko ma\u0142\u017conkowi nabywaj\u0105cemu udzia\u0142y, z \u0142\u0105cznym charakterem maj\u0105tku ma\u0142\u017ce\u0144skiego, do kt\u00f3rego nabyte udzia\u0142y wchodz\u0105.<\/p>\n\n\n\n<p>S\u0105d Najwy\u017cszy w powy\u017cszym postanowieniu wskaza\u0142, \u017ce nale\u017c\u0105ce do maj\u0105tku wsp\u00f3lnego udzia\u0142y w sp\u00f3\u0142ce z ograniczon\u0105 odpowiedzialno\u015bci\u0105 co do zasady mog\u0105 by\u0107 podzielone pomi\u0119dzy by\u0142ych ma\u0142\u017conk\u00f3w, a wi\u0119c tak\u017ce przypa\u015b\u0107 temu ze wsp\u00f3\u0142uprawnionych, kt\u00f3ry nie by\u0142 wsp\u00f3lnikiem. Przeszkod\u0105 do dokonania takiego podzia\u0142u by\u0142oby jedynie zawarcie w umowie sp\u00f3\u0142ki przewidzianego Kodeksie sp\u00f3\u0142ek handlowych zastrze\u017cenia ograniczaj\u0105cego lub wy\u0142\u0105czaj\u0105cego wst\u0105pienie do tej sp\u00f3\u0142ki wsp\u00f3\u0142ma\u0142\u017conka w przypadku, gdy udzia\u0142y s\u0105 obj\u0119te wsp\u00f3lno\u015bci\u0105 maj\u0105tkow\u0105.<\/p>\n\n\n\n<p>W rozpatrywanej sprawie sporne udzia\u0142y zosta\u0142y zbyte ju\u017c po ustaniu wsp\u00f3lno\u015bci ustawowej mi\u0119dzy stronami. Skuteczno\u015b\u0107 tego rodzaju rozporz\u0105dzenia powinna by\u0107 wed\u0142ug s\u0105du przedmiotem oceny przeprowadzonej w post\u0119powaniu o podzia\u0142 maj\u0105tku. Konsekwencj\u0105 ustalenia bezskuteczno\u015bci rozporz\u0105dzenia jest dokonanie podzia\u0142u maj\u0105tku tak, jak gdyby zbycie nie mia\u0142o miejsca. Nale\u017cy jednak zaznaczy\u0107, \u017ce w stosunku do os\u00f3b trzecich przyznanie w postanowieniu podzia\u0142owym sk\u0142adnika maj\u0105tku, kt\u00f3ry zosta\u0142 zbyty, wyznacza jedynie dla ma\u0142\u017conka legitymacj\u0119 do podj\u0119cia dzia\u0142a\u0144 przeciw nabywcy, kt\u00f3remu ten sk\u0142adnik przypad\u0142. Nie stanowi to natomiast wi\u0105\u017c\u0105cego nabywc\u0119 tytu\u0142u przes\u0105dzaj\u0105cego prawo wskazanego w nim ma\u0142\u017conka do zbytego sk\u0142adnika maj\u0105tku.<\/p>\n\n\n\n<p>Podsumowuj\u0105c, wyk\u0142adnia S\u0105du najwy\u017cszego oznacza, \u017ce w przypadku, gdy wsp\u00f3lno\u015b\u0107 maj\u0105tkowa ma\u0142\u017ce\u0144ska ustanie lub zostanie zniesiona, cz\u0119\u015b\u0107 udzia\u0142\u00f3w mo\u017ce trafi\u0107 do tego z ma\u0142\u017conk\u00f3w, kt\u00f3ry uprzednio nie mia\u0142 formalnego statusu wsp\u00f3lnika. Stanie si\u0119 tak np. w przypadku rozwodu. Oznacza to, \u017ce by\u0142y ma\u0142\u017conek mo\u017ce sta\u0107 si\u0119 w\u00f3wczas wsp\u00f3lnikiem w sp\u00f3\u0142ce. &nbsp;<\/p>\n\n\n\n<p>Aby unikn\u0105\u0107 takich problem\u00f3w w praktyce, mo\u017cliwe jest uregulowanie kwestii ma\u0142\u017ce\u0144skich w umowie sp\u00f3\u0142ki. Zgodnie z art. 1831&nbsp;KSH umowa ta mo\u017ce ograniczy\u0107 lub wy\u0142\u0105czy\u0107 wst\u0105pienie do sp\u00f3\u0142ki wsp\u00f3\u0142ma\u0142\u017conka w przypadku, gdy udzia\u0142 lub udzia\u0142y s\u0105 obj\u0119te wsp\u00f3lno\u015bci\u0105 maj\u0105tkow\u0105 ma\u0142\u017ce\u0144sk\u0105.<\/p>\n\n\n\n<p>KS<\/p>\n","protected":false},"excerpt":{"rendered":"<p>Z chwil\u0105 zawarcia ma\u0142\u017ce\u0144stwa mi\u0119dzy ma\u0142\u017conkami powstaje wsp\u00f3lno\u015b\u0107 maj\u0105tkowa (ustawowa). Zgodnie z przepisami Kodeksu rodzinnego i opieku\u0144czego wsp\u00f3lno\u015b\u0107 ta obejmuje przedmioty maj\u0105tkowe nabyte w czasie jej trwania przez oboje ma\u0142\u017conk\u00f3w lub przez jednego z nich. Co dzieje si\u0119 w sytuacji, gdy w maj\u0105tku wsp\u00f3lnym znajduj\u0105 si\u0119 udzia\u0142y w sp\u00f3\u0142ce? B\u0119d\u0105 wtedy inaczej traktowane na gruncie [&hellip;]<\/p>\n","protected":false},"author":1,"featured_media":0,"comment_status":"closed","ping_status":"open","sticky":false,"template":"","format":"standard","meta":{"footnotes":""},"categories":[2],"tags":[28,19,56,42,118,70],"class_list":["post-338","post","type-post","status-publish","format-standard","hentry","category-news-pl","tag-podzial-majatku","tag-rozwod","tag-spolka","tag-udzialy","tag-ustawowa","tag-wspolnosc-majatkowa"],"_links":{"self":[{"href":"https:\/\/podzial.rodzinne.com.pl\/news\/wp-json\/wp\/v2\/posts\/338","targetHints":{"allow":["GET"]}}],"collection":[{"href":"https:\/\/podzial.rodzinne.com.pl\/news\/wp-json\/wp\/v2\/posts"}],"about":[{"href":"https:\/\/podzial.rodzinne.com.pl\/news\/wp-json\/wp\/v2\/types\/post"}],"author":[{"embeddable":true,"href":"https:\/\/podzial.rodzinne.com.pl\/news\/wp-json\/wp\/v2\/users\/1"}],"replies":[{"embeddable":true,"href":"https:\/\/podzial.rodzinne.com.pl\/news\/wp-json\/wp\/v2\/comments?post=338"}],"version-history":[{"count":2,"href":"https:\/\/podzial.rodzinne.com.pl\/news\/wp-json\/wp\/v2\/posts\/338\/revisions"}],"predecessor-version":[{"id":491,"href":"https:\/\/podzial.rodzinne.com.pl\/news\/wp-json\/wp\/v2\/posts\/338\/revisions\/491"}],"wp:attachment":[{"href":"https:\/\/podzial.rodzinne.com.pl\/news\/wp-json\/wp\/v2\/media?parent=338"}],"wp:term":[{"taxonomy":"category","embeddable":true,"href":"https:\/\/podzial.rodzinne.com.pl\/news\/wp-json\/wp\/v2\/categories?post=338"},{"taxonomy":"post_tag","embeddable":true,"href":"https:\/\/podzial.rodzinne.com.pl\/news\/wp-json\/wp\/v2\/tags?post=338"}],"curies":[{"name":"wp","href":"https:\/\/api.w.org\/{rel}","templated":true}]}}