{"id":344,"date":"2020-12-02T14:50:00","date_gmt":"2020-12-02T13:50:00","guid":{"rendered":"https:\/\/podzial.rodzinne.com.pl\/news\/?p=344"},"modified":"2025-04-09T21:44:55","modified_gmt":"2025-04-09T19:44:55","slug":"bank-zwykle-nie-wezmie-udzialu-w-sprawie-o-podzial-majatku-wspolnego","status":"publish","type":"post","link":"https:\/\/podzial.rodzinne.com.pl\/news\/bank-zwykle-nie-wezmie-udzialu-w-sprawie-o-podzial-majatku-wspolnego\/","title":{"rendered":"Bank zwykle nie we\u017amie udzia\u0142u w sprawie o podzia\u0142 maj\u0105tku wsp\u00f3lnego"},"content":{"rendered":"\n<p>W literaturze prawniczej oraz judykaturze jako jedn\u0105 z przes\u0142anek formalnoprawnych dopuszczalno\u015bci \u015brodka odwo\u0142awczego jest istnienie interesu prawnego w zaskar\u017ceniu orzeczenia. W przypadku braku jego wykazania, \u015brodek odwo\u0142awczy podlega odrzuceniu, chyba \u017ce jego rozpoznanie jest uzasadnione ze wzgl\u0119du na interes publiczny.<\/p>\n\n\n\n<p>Przyjmuje si\u0119, \u017ce warunkiem udzielenia s\u0105dowej ochrony prawnej jest istnienie obiektywnej potrzeby jej uzyskania przez podmiot dochodz\u0105cy swych praw, co okre\u015bla si\u0119 jako interes prawny. Inicjowanie post\u0119powa\u0144 cywilnych i podejmowanie czynno\u015bci procesowych przez podmioty prywatne powinno by\u0107 konfrontowane z tym, czy w konkretnym przypadku istnieje obiektywna potrzeba wszcz\u0119cia post\u0119powania.<\/p>\n\n\n\n<p>Kodeks post\u0119powania cywilnego okre\u015bla jednak, \u017ce wzi\u0105\u0107 udzia\u0142 w ka\u017cdym stanie sprawy a\u017c do zako\u0144czenia post\u0119powania w drugiej instancji mo\u017ce zainteresowany. Zgodnie z&nbsp;art. 510 \u00a7 1&nbsp;k.p.c., zainteresowanym jest ka\u017cdy, czyich praw dotyczy wynik sprawy i je\u017celi we\u017amie udzia\u0142 w sprawie, staje si\u0119 jej uczestnikiem. W judykaturze poj\u0119cie zainteresowanego ujmuje si\u0119 szeroko. Przyjmuje si\u0119, \u017ce interes prawny w rozumieniu tego przepisu mo\u017ce by\u0107 zar\u00f3wno bezpo\u015bredni, jak i po\u015bredni. W postanowieniu z dnia 25 wrze\u015bnia 2019 r. o sygn. III CZ 32\/19 S\u0105d Najwy\u017cszy stwierdzi\u0142, \u017ce szerokie uj\u0119cie interesu prawnego jako przes\u0142anki uzasadniaj\u0105cej przypisanie okre\u015blonej osobie statusu zainteresowanego nie zwalania s\u0105du od obowi\u0105zku dokonania oceny w okoliczno\u015bciach faktycznych danej sprawy, kto jest oraz kto powinien by\u0107 uczestnikiem post\u0119powania. W ten spos\u00f3b S\u0105d Najwy\u017cszy nak\u0142ada na s\u0105dy obowi\u0105zek oceny kwestii bycia zainteresowanym w kontek\u015bcie ka\u017cdej konkretnej sprawy.<\/p>\n\n\n\n<p>W tej samej sprawie S\u0105d Najwy\u017cszy u\u015bci\u015bli\u0142, \u017ce bank jako wierzyciel hipoteczny nie ma interesu prawnego we wzi\u0119ciu udzia\u0142u w sprawie o podzia\u0142 maj\u0105tku wsp\u00f3lnego, je\u017celi podzia\u0142 nieruchomo\u015bci obci\u0105\u017conej hipotecznie nast\u0119puje przez przyznanie jej jednemu z ma\u0142\u017conk\u00f3w lub je\u017celi dochodzi do podzia\u0142u fizycznego tej nieruchomo\u015bci.<\/p>\n\n\n\n<p>KS<\/p>\n","protected":false},"excerpt":{"rendered":"<p>W literaturze prawniczej oraz judykaturze jako jedn\u0105 z przes\u0142anek formalnoprawnych dopuszczalno\u015bci \u015brodka odwo\u0142awczego jest istnienie interesu prawnego w zaskar\u017ceniu orzeczenia. W przypadku braku jego wykazania, \u015brodek odwo\u0142awczy podlega odrzuceniu, chyba \u017ce jego rozpoznanie jest uzasadnione ze wzgl\u0119du na interes publiczny. Przyjmuje si\u0119, \u017ce warunkiem udzielenia s\u0105dowej ochrony prawnej jest istnienie obiektywnej potrzeby jej uzyskania przez [&hellip;]<\/p>\n","protected":false},"author":1,"featured_media":0,"comment_status":"closed","ping_status":"open","sticky":false,"template":"","format":"standard","meta":{"footnotes":""},"categories":[2],"tags":[112,83,111,113,114],"class_list":["post-344","post","type-post","status-publish","format-standard","hentry","category-news-pl","tag-bank","tag-nieruchomosci","tag-odzial-majatku","tag-sadowa-ochrona","tag-wszczecia-postepowania"],"_links":{"self":[{"href":"https:\/\/podzial.rodzinne.com.pl\/news\/wp-json\/wp\/v2\/posts\/344","targetHints":{"allow":["GET"]}}],"collection":[{"href":"https:\/\/podzial.rodzinne.com.pl\/news\/wp-json\/wp\/v2\/posts"}],"about":[{"href":"https:\/\/podzial.rodzinne.com.pl\/news\/wp-json\/wp\/v2\/types\/post"}],"author":[{"embeddable":true,"href":"https:\/\/podzial.rodzinne.com.pl\/news\/wp-json\/wp\/v2\/users\/1"}],"replies":[{"embeddable":true,"href":"https:\/\/podzial.rodzinne.com.pl\/news\/wp-json\/wp\/v2\/comments?post=344"}],"version-history":[{"count":2,"href":"https:\/\/podzial.rodzinne.com.pl\/news\/wp-json\/wp\/v2\/posts\/344\/revisions"}],"predecessor-version":[{"id":489,"href":"https:\/\/podzial.rodzinne.com.pl\/news\/wp-json\/wp\/v2\/posts\/344\/revisions\/489"}],"wp:attachment":[{"href":"https:\/\/podzial.rodzinne.com.pl\/news\/wp-json\/wp\/v2\/media?parent=344"}],"wp:term":[{"taxonomy":"category","embeddable":true,"href":"https:\/\/podzial.rodzinne.com.pl\/news\/wp-json\/wp\/v2\/categories?post=344"},{"taxonomy":"post_tag","embeddable":true,"href":"https:\/\/podzial.rodzinne.com.pl\/news\/wp-json\/wp\/v2\/tags?post=344"}],"curies":[{"name":"wp","href":"https:\/\/api.w.org\/{rel}","templated":true}]}}