{"id":366,"date":"2021-11-01T15:03:00","date_gmt":"2021-11-01T14:03:00","guid":{"rendered":"https:\/\/podzial.rodzinne.com.pl\/news\/?p=366"},"modified":"2025-04-09T21:32:17","modified_gmt":"2025-04-09T19:32:17","slug":"roszczenie-o-przeniesienie-wlasnosci-budynku-w-sprawie-o-podzial-majatku-wspolnego","status":"publish","type":"post","link":"https:\/\/podzial.rodzinne.com.pl\/news\/roszczenie-o-przeniesienie-wlasnosci-budynku-w-sprawie-o-podzial-majatku-wspolnego\/","title":{"rendered":"Roszczenie o przeniesienie w\u0142asno\u015bci budynku w sprawie o podzia\u0142 maj\u0105tku wsp\u00f3lnego"},"content":{"rendered":"\n<p>W postanowieniu z dnia 27 maja 2021 r. (I CSKP 120\/21) S\u0105d Najwy\u017cszy stwierdzi\u0142, \u017ce \u201ew sprawie o podzia\u0142 maj\u0105tku wsp\u00f3lnego dopuszczalne jest zastosowanie art. 231 \u00a7 1 k.c.&#8221;<em>Artyku\u0142 231 \u00a7 1 k.c, stwierdza, \u017ce \u201esamoistny posiadacz gruntu w dobrej wierze, kt\u00f3ry wzni\u00f3s\u0142 na powierzchni lub pod powierzchni\u0105 gruntu budynek lub inne urz\u0105dzenie o warto\u015bci przenosz\u0105cej znacznie warto\u015b\u0107 zaj\u0119tej na ten cel dzia\u0142ki, mo\u017ce \u017c\u0105da\u0107, aby w\u0142a\u015bciciel przeni\u00f3s\u0142 na niego w\u0142asno\u015b\u0107 zaj\u0119tej dzia\u0142ki za odpowiednim wynagrodzeniem<\/em>&#8222;.<\/p>\n\n\n\n<p>Czy oznacza to, \u017ce np. gdy ma\u0142\u017conkowie wznie\u015bli budynek na dzia\u0142ce nale\u017c\u0105cej do maj\u0105tku osobistego jednego ma\u0142\u017conka to czy drugi ma\u0142\u017conek mo\u017ce \u017c\u0105da\u0107, aby zosta\u0142a mu przyznana na w\u0142asno\u015b\u0107 nieruchomo\u015b\u0107 nale\u017c\u0105ca do maj\u0105tku osobistego pierwszego ma\u0142\u017conka ? Na razie czekamy na uzasadnienie postanowienia S\u0105du Najwy\u017cszego. Jednak je\u017celi takie by\u0142oby rozumowanie sadu to oznacza, \u017ce sprawy o podzia\u0142 maj\u0105tku wsp\u00f3lnego mog\u0142yby dotyczy\u0107 w szczeg\u00f3lnych przypadkach r\u00f3wnie\u017c maj\u0105tk\u00f3w osobistych z ma\u0142\u017conk\u00f3w.<\/p>\n","protected":false},"excerpt":{"rendered":"<p>W postanowieniu z dnia 27 maja 2021 r. (I CSKP 120\/21) S\u0105d Najwy\u017cszy stwierdzi\u0142, \u017ce \u201ew sprawie o podzia\u0142 maj\u0105tku wsp\u00f3lnego dopuszczalne jest zastosowanie art. 231 \u00a7 1 k.c.&#8221;Artyku\u0142 231 \u00a7 1 k.c, stwierdza, \u017ce \u201esamoistny posiadacz gruntu w dobrej wierze, kt\u00f3ry wzni\u00f3s\u0142 na powierzchni lub pod powierzchni\u0105 gruntu budynek lub inne urz\u0105dzenie o warto\u015bci [&hellip;]<\/p>\n","protected":false},"author":1,"featured_media":0,"comment_status":"closed","ping_status":"open","sticky":false,"template":"","format":"standard","meta":{"footnotes":""},"categories":[2],"tags":[40,38,92,27],"class_list":["post-366","post","type-post","status-publish","format-standard","hentry","category-news-pl","tag-majatek-osobisty","tag-majatek-wspolny","tag-przeniesienie-wlasnosci","tag-roszczenie"],"_links":{"self":[{"href":"https:\/\/podzial.rodzinne.com.pl\/news\/wp-json\/wp\/v2\/posts\/366","targetHints":{"allow":["GET"]}}],"collection":[{"href":"https:\/\/podzial.rodzinne.com.pl\/news\/wp-json\/wp\/v2\/posts"}],"about":[{"href":"https:\/\/podzial.rodzinne.com.pl\/news\/wp-json\/wp\/v2\/types\/post"}],"author":[{"embeddable":true,"href":"https:\/\/podzial.rodzinne.com.pl\/news\/wp-json\/wp\/v2\/users\/1"}],"replies":[{"embeddable":true,"href":"https:\/\/podzial.rodzinne.com.pl\/news\/wp-json\/wp\/v2\/comments?post=366"}],"version-history":[{"count":2,"href":"https:\/\/podzial.rodzinne.com.pl\/news\/wp-json\/wp\/v2\/posts\/366\/revisions"}],"predecessor-version":[{"id":482,"href":"https:\/\/podzial.rodzinne.com.pl\/news\/wp-json\/wp\/v2\/posts\/366\/revisions\/482"}],"wp:attachment":[{"href":"https:\/\/podzial.rodzinne.com.pl\/news\/wp-json\/wp\/v2\/media?parent=366"}],"wp:term":[{"taxonomy":"category","embeddable":true,"href":"https:\/\/podzial.rodzinne.com.pl\/news\/wp-json\/wp\/v2\/categories?post=366"},{"taxonomy":"post_tag","embeddable":true,"href":"https:\/\/podzial.rodzinne.com.pl\/news\/wp-json\/wp\/v2\/tags?post=366"}],"curies":[{"name":"wp","href":"https:\/\/api.w.org\/{rel}","templated":true}]}}