{"id":372,"date":"2022-02-01T15:07:00","date_gmt":"2022-02-01T14:07:00","guid":{"rendered":"https:\/\/podzial.rodzinne.com.pl\/news\/?p=372"},"modified":"2025-04-09T21:28:48","modified_gmt":"2025-04-09T19:28:48","slug":"dzielenie-sie-majatkiem-wspolnym-w-czasie-trwania-wspolnosci-majatkowej","status":"publish","type":"post","link":"https:\/\/podzial.rodzinne.com.pl\/news\/dzielenie-sie-majatkiem-wspolnym-w-czasie-trwania-wspolnosci-majatkowej\/","title":{"rendered":"Dzielenie si\u0119 maj\u0105tkiem wsp\u00f3lnym w czasie trwania wsp\u00f3lno\u015bci maj\u0105tkowej"},"content":{"rendered":"\n<p>Co do zasady w okresie trwania wsp\u00f3lno\u015bci maj\u0105tkowej istnieje zakaz dokonywania podzia\u0142u maj\u0105tku wsp\u00f3lnego. Najpierw musi zosta\u0107 wprowadzona rozdzielno\u015b\u0107 maj\u0105tkowa. Zgodnie bowiem z art. 35 krio w czasie trwania wsp\u00f3lno\u015bci ustawowej \u017caden z ma\u0142\u017conk\u00f3w nie mo\u017ce \u017c\u0105da\u0107 podzia\u0142u maj\u0105tku wsp\u00f3lnego. Nie mo\u017ce r\u00f3wnie\u017c rozporz\u0105dza\u0107 ani zobowi\u0105zywa\u0107 si\u0119 do rozporz\u0105dzania udzia\u0142em, kt\u00f3ry w razie ustania wsp\u00f3lno\u015bci przypadnie mu w maj\u0105tku wsp\u00f3lnym lub w poszczeg\u00f3lnych przedmiotach nale\u017c\u0105cych do tego maj\u0105tku.<\/p>\n\n\n\n<p>Dlatego s\u0142uszny jest pogl\u0105d wyra\u017cony w wyroku S\u0105du Apelacyjnego w Gda\u0144sku z dnia&nbsp;7 pa\u017adziernika 2020&nbsp;r. (V ACa 380\/20) i\u017c &#8222;<em>nieuzasadniony jest pogl\u0105d dopuszczaj\u0105cy zawieranie bez ogranicze\u0144 um\u00f3w przesuwaj\u0105cych mi\u0119dzy maj\u0105tkami ma\u0142\u017conk\u00f3w okre\u015blonych sk\u0142adnik\u00f3w maj\u0105tkowych. Umowy takie, jako zmierzaj\u0105ce do obej\u015bcia prawa, tj. przepis\u00f3w Kodeksu rodzinnego i opieku\u0144czego reguluj\u0105cych umowne ustroje maj\u0105tkowe, nale\u017ca\u0142oby uzna\u0107 za niewa\u017cne (art. 58 \u00a7 1 k.c.).<\/em>&#8222;<\/p>\n","protected":false},"excerpt":{"rendered":"<p>Co do zasady w okresie trwania wsp\u00f3lno\u015bci maj\u0105tkowej istnieje zakaz dokonywania podzia\u0142u maj\u0105tku wsp\u00f3lnego. Najpierw musi zosta\u0107 wprowadzona rozdzielno\u015b\u0107 maj\u0105tkowa. Zgodnie bowiem z art. 35 krio w czasie trwania wsp\u00f3lno\u015bci ustawowej \u017caden z ma\u0142\u017conk\u00f3w nie mo\u017ce \u017c\u0105da\u0107 podzia\u0142u maj\u0105tku wsp\u00f3lnego. Nie mo\u017ce r\u00f3wnie\u017c rozporz\u0105dza\u0107 ani zobowi\u0105zywa\u0107 si\u0119 do rozporz\u0105dzania udzia\u0142em, kt\u00f3ry w razie ustania wsp\u00f3lno\u015bci [&hellip;]<\/p>\n","protected":false},"author":1,"featured_media":0,"comment_status":"closed","ping_status":"open","sticky":false,"template":"","format":"standard","meta":{"footnotes":""},"categories":[2],"tags":[38,31,36,22],"class_list":["post-372","post","type-post","status-publish","format-standard","hentry","category-news-pl","tag-majatek-wspolny","tag-podzial","tag-przepisy","tag-rozdzielnosc-majatkowa"],"_links":{"self":[{"href":"https:\/\/podzial.rodzinne.com.pl\/news\/wp-json\/wp\/v2\/posts\/372","targetHints":{"allow":["GET"]}}],"collection":[{"href":"https:\/\/podzial.rodzinne.com.pl\/news\/wp-json\/wp\/v2\/posts"}],"about":[{"href":"https:\/\/podzial.rodzinne.com.pl\/news\/wp-json\/wp\/v2\/types\/post"}],"author":[{"embeddable":true,"href":"https:\/\/podzial.rodzinne.com.pl\/news\/wp-json\/wp\/v2\/users\/1"}],"replies":[{"embeddable":true,"href":"https:\/\/podzial.rodzinne.com.pl\/news\/wp-json\/wp\/v2\/comments?post=372"}],"version-history":[{"count":1,"href":"https:\/\/podzial.rodzinne.com.pl\/news\/wp-json\/wp\/v2\/posts\/372\/revisions"}],"predecessor-version":[{"id":373,"href":"https:\/\/podzial.rodzinne.com.pl\/news\/wp-json\/wp\/v2\/posts\/372\/revisions\/373"}],"wp:attachment":[{"href":"https:\/\/podzial.rodzinne.com.pl\/news\/wp-json\/wp\/v2\/media?parent=372"}],"wp:term":[{"taxonomy":"category","embeddable":true,"href":"https:\/\/podzial.rodzinne.com.pl\/news\/wp-json\/wp\/v2\/categories?post=372"},{"taxonomy":"post_tag","embeddable":true,"href":"https:\/\/podzial.rodzinne.com.pl\/news\/wp-json\/wp\/v2\/tags?post=372"}],"curies":[{"name":"wp","href":"https:\/\/api.w.org\/{rel}","templated":true}]}}