{"id":374,"date":"2022-03-02T15:08:00","date_gmt":"2022-03-02T14:08:00","guid":{"rendered":"https:\/\/podzial.rodzinne.com.pl\/news\/?p=374"},"modified":"2025-04-09T21:27:23","modified_gmt":"2025-04-09T19:27:23","slug":"zwrot-wydatkow-i-nakladow-przed-i-po-podziale-majatku-wspolnego","status":"publish","type":"post","link":"https:\/\/podzial.rodzinne.com.pl\/news\/zwrot-wydatkow-i-nakladow-przed-i-po-podziale-majatku-wspolnego\/","title":{"rendered":"Zwrot wydatk\u00f3w i nak\u0142ad\u00f3w przed i po podziale maj\u0105tku wsp\u00f3lnego"},"content":{"rendered":"\n<p>Zasady dokonywania przez ma\u0142\u017conk\u00f3w rozlicze\u0144 z tytu\u0142u wydatk\u00f3w i nak\u0142ad\u00f3w poczynionych z maj\u0105tku wsp\u00f3lnego na maj\u0105tki osobiste ka\u017cdego z nich oraz poczynionych z maj\u0105tk\u00f3w osobistych na maj\u0105tek wsp\u00f3lny reguluje art. 45 k.r.o. Jak stanowi ustawa, ka\u017cdy z ma\u0142\u017conk\u00f3w powinien zwr\u00f3ci\u0107 wydatki i nak\u0142ady poczynione z maj\u0105tku wsp\u00f3lnego na jego maj\u0105tek osobisty, z wyj\u0105tkiem wydatk\u00f3w i nak\u0142ad\u00f3w koniecznych na przedmioty maj\u0105tkowe przynosz\u0105ce doch\u00f3d. Ma\u0142\u017conek mo\u017ce \u017c\u0105da\u0107 zwrotu wydatk\u00f3w i nak\u0142ad\u00f3w, kt\u00f3re poczyni\u0142 ze swojego maj\u0105tku osobistego na maj\u0105tek wsp\u00f3lny. Nie mo\u017cna jednak \u017c\u0105da\u0107 zwrotu wydatk\u00f3w i nak\u0142ad\u00f3w zu\u017cytych w celu zaspokojenia potrzeb rodziny, chyba \u017ce zwi\u0119kszy\u0142y warto\u015b\u0107 maj\u0105tku w chwili ustania wsp\u00f3lno\u015bci<\/p>\n\n\n\n<p>Zgodnie z art. 45 \u00a7 2 Kodeksu rodzinnego i opieku\u0144czego, zwrotu dokonuje si\u0119 przy podziale maj\u0105tku wsp\u00f3lnego. S\u0105d mo\u017ce jednak\u017ce nakaza\u0107 wcze\u015bniejszy zwrot, je\u017celi wymaga tego dobro rodziny. Zgodnie z Wyrokiem S\u0105du Apelacyjnego w Szczecinie z dnia 5 grudnia 2012 roku (o sygn. akt I ACa 589\/12) \u201eDobro rodziny, o kt\u00f3rym mowa w art. 45 \u00a7 2 k.r.o. rozumie\u0107 nale\u017cy szeroko i interpretowa\u0107 zgodnie z celem powo\u0142anego przepisu. Celem tym jest doprowadzenie do dokonania w jednym post\u0119powaniu kompleksowego rozliczenia kwestii maj\u0105tkowych mi\u0119dzy by\u0142ymi ma\u0142\u017conkami.\u201d. B. Kubica wskazuje r\u00f3wnie\u017c, \u017ce \u201eW pi\u015bmiennictwie trafnie podkre\u015bla si\u0119, \u017ce oceniaj\u0105c przes\u0142ank\u0119 dobra rodziny, s\u0105d powinien bada\u0107 sytuacj\u0119 konkretnej rodziny, a zatem nie jest mo\u017cliwe okre\u015blenie og\u00f3lnych kryteri\u00f3w, kt\u00f3re pozwalaj\u0105 na wcze\u015bniejsze rozliczenia. W praktyce przyk\u0142adem wyst\u0105pienia mo\u017cliwo\u015bci stosowania art. 45 \u00a7 2 k.r.o. jest sytuacja, w kt\u00f3rej po dokonaniu odpowiednich wydatk\u00f3w czy nak\u0142ad\u00f3w po\u017cycie ma\u0142\u017ce\u0144skie uleg\u0142o rozk\u0142adowi\u201d (B. Kubica [w:] Kodeks rodzinny i opieku\u0144czy. Komentarz, red. M. Fras, M. Habdas, Warszawa 2021, art. 45.). Warto r\u00f3wnie\u017c podkre\u015bli\u0107, \u017ce nie jest dopuszczalne wcze\u015bniejsze dokonanie rozlicze\u0144 w drodze zawarcia przez ma\u0142\u017conk\u00f3w stosownej umowy, co wynika ze szczeg\u00f3lnego charakteru tego przepisu i wy\u0142\u0105cznego uprawnienia s\u0105du do oceny przes\u0142anki \u201edobra rodziny\u201d.<\/p>\n\n\n\n<p>Jak pisze S. Madaj(Madaj, Post\u0119powanie nieprocesowe&#8230;, s. 128) bior\u0105c pod uwag\u0119 powy\u017csze,mo\u017cemy uzna\u0107 a contrario, \u017ce nie ma mo\u017cliwo\u015bci zwrotu p\u00f3\u017aniejszego, czyli takiego kt\u00f3ry mia\u0142by nast\u0105pi\u0107 po podziale maj\u0105tku wsp\u00f3lnego. Stanowisko to podziela orzecznictwo &#8211; w postanowieniu z 2.02.2005 r., IV CK 454\/04, S\u0105d Najwy\u017cszy stwierdzi\u0142, \u017ce \u201epo zapadni\u0119ciu prawomocnego postanowienia o podziale maj\u0105tku wsp\u00f3lnego nie mo\u017cna ju\u017c dochodzi\u0107 roszcze\u0144 z tytu\u0142u zwrotu nak\u0142ad\u00f3w z maj\u0105tku odr\u0119bnego na maj\u0105tek wsp\u00f3lny oraz maj\u0105tku wsp\u00f3lnego na maj\u0105tek odr\u0119bny\u201d.<\/p>\n\n\n\n<p>Zagadnienie wcze\u015bniejszego zwrotu pozostaje przedmiotem sporu w doktrynie. W my\u015bl pogl\u0105du A. Szpunara, \u201ezwrot ten mo\u017cliwy jest tylko w czasie od chwili ustania wsp\u00f3lno\u015bci maj\u0105tkowej do czasu dokonania podzia\u0142u maj\u0105tku wsp\u00f3lnego\u201d (A. Szpunar, O szkodzie wyrz\u0105dzonej przez jednego z ma\u0142\u017conk\u00f3w w maj\u0105tku wsp\u00f3lnym, Prawo Asekuracyjne 1998, nr 2, s. 17 i n.). Drugie stanowisko zwraca uwag\u0119 na to, \u017ce \u201ew art. 45 \u00a7 2 k.r.o. umieszczono klauzul\u0119 generaln\u0105 dobra rodziny i z tego wzgl\u0119du nie nale\u017cy zamyka\u0107 definitywnie drogi do jeszcze wcze\u015bniejszego nakazania zwrotu i w szczeg\u00f3lnych wypadkach opowiedzie\u0107 si\u0119 nale\u017cy za mo\u017cliwo\u015bci\u0105 s\u0105dowego nakazania zwrotu tak\u017ce w czasie trwania wsp\u00f3lno\u015bci\u201d (por. T. Soko\u0142owski, Szkoda wyrz\u0105dzona przez ma\u0142\u017conka w maj\u0105tku wsp\u00f3lnym, Prawo Asekuracyjne 1998, nr 3, s. 45 i n.). Na poprawno\u015b\u0107 takiej wyk\u0142adni wskazuje to, \u017ce zniesienie wsp\u00f3lno\u015bci mo\u017ce by\u0107 sprzeczne z dobrem rodziny, je\u015bli tylko jedno z ma\u0142\u017conk\u00f3w pracuje zawodowo, a drugie zajmuje si\u0119 wychowywaniem dzieci i prowadzeniem domu. W takim wypadku zwrot nak\u0142adu do maj\u0105tku wsp\u00f3lnego mo\u017ce pozytywnie wp\u0142yn\u0105\u0107 na sytuacje rodziny, jednocze\u015bnie nie wy\u0142\u0105cza korzy\u015bci wynikaj\u0105cych z ustroju wsp\u00f3lno\u015bci maj\u0105tkowej. Wa\u017cne jest, aby nakazanie zwrotu z maj\u0105tku osobistego nak\u0142ad\u00f3w lub wydatk\u00f3w mia\u0142o miejsce bez zb\u0119dnej zw\u0142oki, gdy\u017c mo\u017ce si\u0119 zdarzy\u0107, \u017ce maj\u0105tek ulegnie nie daj\u0105cemu si\u0119 przewidzie\u0107 pomniejszeniu.<\/p>\n\n\n\n<p>\u017b\u0105danie wcze\u015bniejszego zwrotu poczynionych nak\u0142ad\u00f3w i wydatk\u00f3w rozpoznawane jest wy\u0142\u0105cznie w trybie procesowym. Wynika to z tego, \u017ce w Kodeksie post\u0119powania cywilnego nie ma przepisu, kt\u00f3ry wskazywa\u0142 by na mo\u017cliwo\u015b\u0107 rozpoznawania tego rodzaju spraw w trybie nieprocesowym. Zgodnie z postanowieniem S\u0105du Najwy\u017cszego z 12 kwietnia 2000 r. (IV CKN 27\/2000) tryb procesowy w\u0142a\u015bciwy jest r\u00f3wnie\u017c wtedy, gdy po ustaniu wsp\u00f3\u0142w\u0142asno\u015bci maj\u0105tkowej nie istnieje wsp\u00f3lny maj\u0105tek jako obiekt podzia\u0142u.<\/p>\n","protected":false},"excerpt":{"rendered":"<p>Zasady dokonywania przez ma\u0142\u017conk\u00f3w rozlicze\u0144 z tytu\u0142u wydatk\u00f3w i nak\u0142ad\u00f3w poczynionych z maj\u0105tku wsp\u00f3lnego na maj\u0105tki osobiste ka\u017cdego z nich oraz poczynionych z maj\u0105tk\u00f3w osobistych na maj\u0105tek wsp\u00f3lny reguluje art. 45 k.r.o. Jak stanowi ustawa, ka\u017cdy z ma\u0142\u017conk\u00f3w powinien zwr\u00f3ci\u0107 wydatki i nak\u0142ady poczynione z maj\u0105tku wsp\u00f3lnego na jego maj\u0105tek osobisty, z wyj\u0105tkiem wydatk\u00f3w i [&hellip;]<\/p>\n","protected":false},"author":1,"featured_media":0,"comment_status":"closed","ping_status":"open","sticky":false,"template":"","format":"standard","meta":{"footnotes":""},"categories":[2],"tags":[88,64,38,14,31,89,87],"class_list":["post-374","post","type-post","status-publish","format-standard","hentry","category-news-pl","tag-dobro-rodziny","tag-kodeks-rodzinny","tag-majatek-wspolny","tag-naklady","tag-podzial","tag-wychowywanie-dzieci","tag-zwrot-wydatkow"],"_links":{"self":[{"href":"https:\/\/podzial.rodzinne.com.pl\/news\/wp-json\/wp\/v2\/posts\/374","targetHints":{"allow":["GET"]}}],"collection":[{"href":"https:\/\/podzial.rodzinne.com.pl\/news\/wp-json\/wp\/v2\/posts"}],"about":[{"href":"https:\/\/podzial.rodzinne.com.pl\/news\/wp-json\/wp\/v2\/types\/post"}],"author":[{"embeddable":true,"href":"https:\/\/podzial.rodzinne.com.pl\/news\/wp-json\/wp\/v2\/users\/1"}],"replies":[{"embeddable":true,"href":"https:\/\/podzial.rodzinne.com.pl\/news\/wp-json\/wp\/v2\/comments?post=374"}],"version-history":[{"count":2,"href":"https:\/\/podzial.rodzinne.com.pl\/news\/wp-json\/wp\/v2\/posts\/374\/revisions"}],"predecessor-version":[{"id":481,"href":"https:\/\/podzial.rodzinne.com.pl\/news\/wp-json\/wp\/v2\/posts\/374\/revisions\/481"}],"wp:attachment":[{"href":"https:\/\/podzial.rodzinne.com.pl\/news\/wp-json\/wp\/v2\/media?parent=374"}],"wp:term":[{"taxonomy":"category","embeddable":true,"href":"https:\/\/podzial.rodzinne.com.pl\/news\/wp-json\/wp\/v2\/categories?post=374"},{"taxonomy":"post_tag","embeddable":true,"href":"https:\/\/podzial.rodzinne.com.pl\/news\/wp-json\/wp\/v2\/tags?post=374"}],"curies":[{"name":"wp","href":"https:\/\/api.w.org\/{rel}","templated":true}]}}