{"id":376,"date":"2022-04-01T15:10:00","date_gmt":"2022-04-01T13:10:00","guid":{"rendered":"https:\/\/podzial.rodzinne.com.pl\/news\/?p=376"},"modified":"2025-04-09T21:25:20","modified_gmt":"2025-04-09T19:25:20","slug":"uzupelniajacy-dzial-spadku","status":"publish","type":"post","link":"https:\/\/podzial.rodzinne.com.pl\/news\/uzupelniajacy-dzial-spadku\/","title":{"rendered":"Uzupe\u0142niaj\u0105cy dzia\u0142 spadku"},"content":{"rendered":"\n<p>Je\u017celi spadek przypada kilku osobom, dokonanie dzia\u0142u spadku zmierza do rozdysponowania element\u00f3w spadku mi\u0119dzy poszczeg\u00f3lne osoby.<\/p>\n\n\n\n<p>Dzia\u0142 spadku mo\u017ce nast\u0105pi\u0107 b\u0105d\u017a na mocy umowy mi\u0119dzy wszystkimi spadkobiercami, b\u0105d\u017a na mocy orzeczenia s\u0105du na \u017c\u0105danie kt\u00f3regokolwiek ze spadkobierc\u00f3w. Dzia\u0142 spadku mo\u017ce wi\u0119c by\u0107 umowny albo s\u0105dowy. S\u0105dowy dzia\u0142 spadku powinien obejmowa\u0107 ca\u0142y spadek. Jednak\u017ce z wa\u017cnych powod\u00f3w mo\u017ce by\u0107 ograniczony do cz\u0119\u015bci spadku. Umowny dzia\u0142 spadku mo\u017ce obj\u0105\u0107 ca\u0142y spadek lub by\u0107 ograniczony do cz\u0119\u015bci spadku.<\/p>\n\n\n\n<h5 class=\"wp-block-heading\">Kiedy mo\u017ce nast\u0105pi\u0107 s\u0105dowy cz\u0119\u015bciowy dzia\u0142 spadku?<\/h5>\n\n\n\n<p>S\u0105dowy cz\u0119\u015bciowy dzia\u0142 spadku mo\u017ce nast\u0105pi\u0107 w szczeg\u00f3lno\u015bci z tego powodu, \u017ce w sk\u0142ad spadku wchodzi przedsi\u0119biorstwo. Zgodnie z uchwa\u0142\u0105 S\u0105du Najwy\u017cszego z 22 wrze\u015bnia 1977 r. (sygn. akt III CZP 72\/77), w razie zaistnienia wa\u017cnych powod\u00f3w do ograniczenia podzia\u0142u maj\u0105tku wsp\u00f3lnego do cz\u0119\u015bci tego maj\u0105tku rozstrzygni\u0119cie w tym przedmiocie s\u0105d mo\u017ce zamie\u015bci\u0107 jedynie w orzeczeniu dzia\u0142owym ko\u0144cz\u0105cym post\u0119powanie w sprawie.<\/p>\n\n\n\n<h5 class=\"wp-block-heading\">Co to jest uzupe\u0142niaj\u0105cy dzia\u0142 spadku i kiedy mo\u017cna go dokona\u0107?<\/h5>\n\n\n\n<p>Uzupe\u0142niaj\u0105cy dzia\u0142 spadku to taki dzia\u0142, kt\u00f3ry dokonuje si\u0119 po uprzednim podzieleniu spadku w cz\u0119\u015bci, je\u015bli dzia\u0142 spadku nie obj\u0105\u0142 wszystkich jego sk\u0142adnik\u00f3w. Pomini\u0119te sk\u0142adniki nie przestaj\u0105 by\u0107 maj\u0105tkiem wsp\u00f3lnym, warto wi\u0119c dokona\u0107 uzupe\u0142niaj\u0105cego dzia\u0142u spadku. Zgodnie z uchwa\u0142\u0105 S\u0105du Najwy\u017cszego z dnia 28 sierpnia 1986 r. (sygn. akt III CZP 47\/86), je\u017celi oka\u017ce si\u0119, \u017ce z jakichkolwiek przyczyn prawomocne postanowienie o podziale maj\u0105tku wsp\u00f3lnego nie obj\u0119\u0142o wszystkich istotnych sk\u0142adnik\u00f3w maj\u0105tku wsp\u00f3lnego, ka\u017cde z by\u0142ych ma\u0142\u017conk\u00f3w mo\u017ce wyst\u0105pi\u0107 w odr\u0119bnym post\u0119powaniu o przeprowadzenie podzia\u0142u uzupe\u0142niaj\u0105cego co do sk\u0142adnik\u00f3w, kt\u00f3re nie zosta\u0142y uwzgl\u0119dnione w orzeczeniu podzia\u0142owym. Co wi\u0119cej, sk\u0142adniki maj\u0105tku wsp\u00f3lnego by\u0142ych ma\u0142\u017conk\u00f3w nie zg\u0142oszone do podzia\u0142u lub pomini\u0119te przez S\u0105d w prawomocnym orzeczeniu o podzia\u0142 nie przestaj\u0105 by\u0107 maj\u0105tkiem wsp\u00f3lnym; mog\u0105 przeto zosta\u0107 podzielone w drodze umowy lub orzeczenia s\u0105dowego (podzia\u0142 uzupe\u0142niaj\u0105cy) (postanowienie S\u0105du Najwy\u017cszego z dnia 14 lipca 1983 r., sygn. akt IV CR 282\/83). Powy\u017csze potwierdzi\u0142o postanowienie S\u0105du Najwy\u017cszego z dnia 30 czerwca 2021 r. (sygn. akt I CSKP 133\/21), wskazuj\u0105ce, \u017ce je\u017celi okre\u015blony sk\u0142adnik maj\u0105tkowy wchodzi\u0142 w sk\u0142ad maj\u0105tku wsp\u00f3lnego i nie zosta\u0142 obj\u0119ty umownym podzia\u0142em tego maj\u0105tku po\u0142\u0105czonym z dzia\u0142em spadku po zmar\u0142ym ma\u0142\u017conku, ka\u017cdy ze spadkobierc\u00f3w mo\u017ce \u017c\u0105da\u0107 uzupe\u0142niaj\u0105cego s\u0105dowego dzia\u0142u spadku obejmuj\u0105cego ten sk\u0142adnik.<\/p>\n\n\n\n<p>O uzupe\u0142niaj\u0105cy dzia\u0142 spadku mo\u017ce wyst\u0105pi\u0107 ka\u017cdy ze spadkobierc\u00f3w.<\/p>\n\n\n\n<hr class=\"wp-block-separator has-alpha-channel-opacity\"\/>\n","protected":false},"excerpt":{"rendered":"<p>Je\u017celi spadek przypada kilku osobom, dokonanie dzia\u0142u spadku zmierza do rozdysponowania element\u00f3w spadku mi\u0119dzy poszczeg\u00f3lne osoby. Dzia\u0142 spadku mo\u017ce nast\u0105pi\u0107 b\u0105d\u017a na mocy umowy mi\u0119dzy wszystkimi spadkobiercami, b\u0105d\u017a na mocy orzeczenia s\u0105du na \u017c\u0105danie kt\u00f3regokolwiek ze spadkobierc\u00f3w. Dzia\u0142 spadku mo\u017ce wi\u0119c by\u0107 umowny albo s\u0105dowy. S\u0105dowy dzia\u0142 spadku powinien obejmowa\u0107 ca\u0142y spadek. Jednak\u017ce z wa\u017cnych [&hellip;]<\/p>\n","protected":false},"author":1,"featured_media":0,"comment_status":"closed","ping_status":"open","sticky":false,"template":"","format":"standard","meta":{"footnotes":""},"categories":[2],"tags":[12,9,43,78],"class_list":["post-376","post","type-post","status-publish","format-standard","hentry","category-news-pl","tag-dzial-spadku","tag-majatek","tag-przedsiebiorstwo","tag-spadkobierca"],"_links":{"self":[{"href":"https:\/\/podzial.rodzinne.com.pl\/news\/wp-json\/wp\/v2\/posts\/376","targetHints":{"allow":["GET"]}}],"collection":[{"href":"https:\/\/podzial.rodzinne.com.pl\/news\/wp-json\/wp\/v2\/posts"}],"about":[{"href":"https:\/\/podzial.rodzinne.com.pl\/news\/wp-json\/wp\/v2\/types\/post"}],"author":[{"embeddable":true,"href":"https:\/\/podzial.rodzinne.com.pl\/news\/wp-json\/wp\/v2\/users\/1"}],"replies":[{"embeddable":true,"href":"https:\/\/podzial.rodzinne.com.pl\/news\/wp-json\/wp\/v2\/comments?post=376"}],"version-history":[{"count":2,"href":"https:\/\/podzial.rodzinne.com.pl\/news\/wp-json\/wp\/v2\/posts\/376\/revisions"}],"predecessor-version":[{"id":480,"href":"https:\/\/podzial.rodzinne.com.pl\/news\/wp-json\/wp\/v2\/posts\/376\/revisions\/480"}],"wp:attachment":[{"href":"https:\/\/podzial.rodzinne.com.pl\/news\/wp-json\/wp\/v2\/media?parent=376"}],"wp:term":[{"taxonomy":"category","embeddable":true,"href":"https:\/\/podzial.rodzinne.com.pl\/news\/wp-json\/wp\/v2\/categories?post=376"},{"taxonomy":"post_tag","embeddable":true,"href":"https:\/\/podzial.rodzinne.com.pl\/news\/wp-json\/wp\/v2\/tags?post=376"}],"curies":[{"name":"wp","href":"https:\/\/api.w.org\/{rel}","templated":true}]}}