{"id":394,"date":"2023-01-02T15:20:00","date_gmt":"2023-01-02T14:20:00","guid":{"rendered":"https:\/\/podzial.rodzinne.com.pl\/news\/?p=394"},"modified":"2025-04-09T21:12:00","modified_gmt":"2025-04-09T19:12:00","slug":"wyrok-sadu-najwyzszego-z-dnia-21-stycznia-2009-r-sygn-akt-ii-csk-446-08-akcje-imienne-nabyte-ze-srodkow-wchodzacych-do-majatku-wspolnego","status":"publish","type":"post","link":"https:\/\/podzial.rodzinne.com.pl\/news\/wyrok-sadu-najwyzszego-z-dnia-21-stycznia-2009-r-sygn-akt-ii-csk-446-08-akcje-imienne-nabyte-ze-srodkow-wchodzacych-do-majatku-wspolnego\/","title":{"rendered":"Wyrok S\u0105du Najwy\u017cszego z dnia 21 stycznia 2009 r. (sygn. akt II CSK 446\/08) \u2013 akcje imienne nabyte ze \u015brodk\u00f3w wchodz\u0105cych do maj\u0105tku wsp\u00f3lnego"},"content":{"rendered":"\n<p>Kodeks rodzinny i opieku\u0144czy wskazuje kt\u00f3re przedmioty maj\u0105tkowe w trakcie trwania ma\u0142\u017ce\u0144skiej wsp\u00f3lno\u015bci maj\u0105tkowej wchodz\u0105 do odpowiednich maj\u0105tk\u00f3w: maj\u0105tku wsp\u00f3lnego albo kt\u00f3rego\u015b z maj\u0105tk\u00f3w osobistych ma\u0142\u017conk\u00f3w. Artyku\u0142 32 k.r.o. m\u00f3wi, \u017ce dorobkiem ma\u0142\u017conk\u00f3w (a wi\u0119c ich maj\u0105tkiem wsp\u00f3lnym) s\u0105 przedmioty maj\u0105tkowe nabyte w czasie trwania wsp\u00f3lno\u015bci ustawowej przez oboje ma\u0142\u017conk\u00f3w lub przez jednego z nich. W szczeg\u00f3lno\u015bci dorobek ma\u0142\u017conk\u00f3w stanowi\u0105: pobrane wynagrodzenie za prac\u0119 oraz za inne us\u0142ugi \u015bwiadczone osobi\u015bcie przez kt\u00f3regokolwiek z ma\u0142\u017conk\u00f3w, dochody z maj\u0105tku wsp\u00f3lnego, jak r\u00f3wnie\u017c z odr\u0119bnego maj\u0105tku ka\u017cdego z ma\u0142\u017conk\u00f3w (art. 32 \u00a7 2 k.r.o.). Nale\u017cy mie\u0107 na uwadze, \u017ce wskazany katalog przedmiot\u00f3w maj\u0105tkowych nale\u017c\u0105cych do dorobku ma\u0142\u017conk\u00f3w jest tylko przyk\u0142adowy \u2013 wskazuje na to u\u017cycie s\u0142owa \u201ew szczeg\u00f3lno\u015bci\u201d. W maj\u0105tku wsp\u00f3lnym ma\u0142\u017conk\u00f3w mog\u0105 si\u0119 wi\u0119c znale\u017a\u0107 takie przedmioty maj\u0105tkowe, kt\u00f3re nie zosta\u0142y wymienione w paragrafie 2 tego artyku\u0142u, a zosta\u0142y nabyte w trakcie trwania wsp\u00f3lno\u015bci ustawowej. W przeciwie\u0144stwie do katalogu zawartego w art. 32 k.r.o., art. 33 k.r.o. wyczerpuj\u0105co reguluje katalog przedmiot\u00f3w maj\u0105tkowych wchodz\u0105cych w sk\u0142ad maj\u0105tku osobistego ka\u017cdego z ma\u0142\u017conk\u00f3w.<\/p>\n\n\n\n<p>Kwesti\u0105 sporn\u0105 w doktrynie i orzecznictwie by\u0142o zakwalifikowanie do kt\u00f3rego z maj\u0105tk\u00f3w wchodz\u0105 akcje imienne nabyte przez jednego z ma\u0142\u017conk\u00f3w ze \u015brodk\u00f3w pochodz\u0105cych z maj\u0105tku wsp\u00f3lnego \u2013 do maj\u0105tku wsp\u00f3lnego czy do maj\u0105tku odr\u0119bnego ma\u0142\u017conka. Koncepcji prezentowanych w doktrynie i orzecznictwie by\u0142o kilka. Pierwsza z nich m\u00f3wi\u0142a, \u017ce akcje nabyte ze \u015brodk\u00f3w maj\u0105tku wsp\u00f3lnego wchodz\u0105 do maj\u0105tku odr\u0119bnego ma\u0142\u017conka, a opiera\u0142a si\u0119 na za\u0142o\u017ceniu niezbywalno\u015bci praw korporacyjnych. Druga z nich przewidywa\u0142a, \u017ce takie akcje nale\u017ca\u0142yby do odr\u0119bnej masy maj\u0105tkowej, kt\u00f3ra wprost nie zosta\u0142a przewidziana w kodeksie rodzinnym i opieku\u0144czym. Trzecia z nich wskazuje, \u017ce je\u015bli dosz\u0142o do nabycia akcji z maj\u0105tku wsp\u00f3lnego ma\u0142\u017conk\u00f3w, to akcjonariuszami s\u0105 oboje ma\u0142\u017conkowie.<\/p>\n\n\n\n<p>W wyroku S\u0105du Najwy\u017cszego z dnia 21 stycznia 2009 r. (sygn. akt II CSK 446\/08), Sad Najwy\u017cszy odrzuci\u0142 wspomniane wy\u017cej koncepcje, argumentuj\u0105c \u017ce: pierwsza z nich prowadzi\u0142aby do uszczuplenia maj\u0105tku wsp\u00f3lnego ma\u0142\u017conk\u00f3w; druga z nich przewidywa\u0142a odr\u0119bn\u0105 mas\u0119 maj\u0105tkow\u0105 nieprzewidzian\u0105 w kodeksie rodzinnym i opieku\u0144czym; trzecia z nich przeczy przepisom prawa handlowego, bo akcjonariuszem mo\u017ce by\u0107 tylko ma\u0142\u017conek uczestnicz\u0105cy w czynno\u015bci prawnej i nabywaj\u0105cy akcj\u0119. S\u0105d Najwy\u017cszy wskaza\u0142, \u017ce \u201eprzedmiotem maj\u0105tku wsp\u00f3lnego mog\u0105 by\u0107, zdaniem S\u0105du Najwy\u017cszego tylko prawa (obowi\u0105zki) o charakterze maj\u0105tkowym, natomiast prawa korporacyjne wykonuje tylko ma\u0142\u017conek nabywca udzia\u0142u\u201d.<\/p>\n\n\n\n<p>S\u0105d Najwy\u017cszy wskaza\u0142, \u017ce przepisy kodeksu rodzinnego i opieku\u0144czego a tak\u017ce Kodeksu sp\u00f3\u0142ek handlowych nie reguluj\u0105 bezpo\u015brednio tej kwestii. Rozwa\u017caj\u0105c dalej t\u0119 kwesti\u0119, S\u0105d podkre\u015bli\u0107, \u017ce \u201ezgodnie z&nbsp;art. 32 \u00a7 1&nbsp;k.r. i op. (w brzmieniu obowi\u0105zuj\u0105cym do dnia 19 stycznia 2005 r.) do maj\u0105tku wsp\u00f3lnego nale\u017c\u0105 przedmioty maj\u0105tkowe nabyte w czasie trwania wsp\u00f3lno\u015bci ustawowej przez oboje ma\u0142\u017conk\u00f3w lub przez jednego z nich. Dla wej\u015bcia do maj\u0105tku wsp\u00f3lnego ma jedynie znaczenie czas nabycia praw maj\u0105tkowych. Je\u015bli \u015brodki na nabycie pochodz\u0105 z maj\u0105tku wsp\u00f3lnego, nie ma te\u017c znaczenia, czy stron\u0105 czynno\u015bci prawnej, kt\u00f3rej skutkiem jest nabycie sk\u0142adnika maj\u0105tku wsp\u00f3lnego s\u0105 oboje ma\u0142\u017conkowie, czy tylko jeden z ma\u0142\u017conk\u00f3w\u201d. Do tego, ka\u017cdy z ma\u0142\u017conk\u00f3w mo\u017ce samodzielnie wykonywa\u0107 zarz\u0105d maj\u0105tkiem wsp\u00f3lnym, a jedynie do czynno\u015bci przekraczaj\u0105cych zwyk\u0142y zarz\u0105d potrzebna jest zgoda drugiego ma\u0142\u017conka w formie wymaganej dla danej czynno\u015bci (art. 36 k.r.o.). W tym wypadku nabycia akcji nie jest czynno\u015bci\u0105 przekraczaj\u0105c\u0105 zwyk\u0142y zarz\u0105d.<\/p>\n\n\n\n<p>Bior\u0105c pod uwag\u0119 powy\u017csze, S\u0105d Najwy\u017cszy dopu\u015bci\u0142 wi\u0119c mo\u017cliwo\u015b\u0107 rozdzielenia sfery zewn\u0119trznej (czyli stosunk\u00f3w mi\u0119dzy akcjonariuszami a sp\u00f3\u0142k\u0105) od stosunk\u00f3w wewn\u0119trznych (mi\u0119dzy wsp\u00f3\u0142ma\u0142\u017conkami). &nbsp;W efekcie, S\u0105d jednoznacznie przes\u0105dzi\u0142, \u017ce akcje nabyte przez ma\u0142\u017conka ze \u015brodk\u00f3w pochodz\u0105cych z maj\u0105tku wsp\u00f3lnego wchodz\u0105 w sk\u0142ad tego maj\u0105tku, a akcjonariuszem staje si\u0119 tylko ma\u0142\u017conek uczestnicz\u0105cy w tej czynno\u015bci.<\/p>\n","protected":false},"excerpt":{"rendered":"<p>Kodeks rodzinny i opieku\u0144czy wskazuje kt\u00f3re przedmioty maj\u0105tkowe w trakcie trwania ma\u0142\u017ce\u0144skiej wsp\u00f3lno\u015bci maj\u0105tkowej wchodz\u0105 do odpowiednich maj\u0105tk\u00f3w: maj\u0105tku wsp\u00f3lnego albo kt\u00f3rego\u015b z maj\u0105tk\u00f3w osobistych ma\u0142\u017conk\u00f3w. Artyku\u0142 32 k.r.o. m\u00f3wi, \u017ce dorobkiem ma\u0142\u017conk\u00f3w (a wi\u0119c ich maj\u0105tkiem wsp\u00f3lnym) s\u0105 przedmioty maj\u0105tkowe nabyte w czasie trwania wsp\u00f3lno\u015bci ustawowej przez oboje ma\u0142\u017conk\u00f3w lub przez jednego z nich. [&hellip;]<\/p>\n","protected":false},"author":1,"featured_media":0,"comment_status":"closed","ping_status":"open","sticky":false,"template":"","format":"standard","meta":{"footnotes":""},"categories":[2],"tags":[38,62,68,66,65],"class_list":["post-394","post","type-post","status-publish","format-standard","hentry","category-news-pl","tag-majatek-wspolny","tag-nabycie","tag-prawa-korporacyjne","tag-sad-najwyzszy","tag-wyrok"],"_links":{"self":[{"href":"https:\/\/podzial.rodzinne.com.pl\/news\/wp-json\/wp\/v2\/posts\/394","targetHints":{"allow":["GET"]}}],"collection":[{"href":"https:\/\/podzial.rodzinne.com.pl\/news\/wp-json\/wp\/v2\/posts"}],"about":[{"href":"https:\/\/podzial.rodzinne.com.pl\/news\/wp-json\/wp\/v2\/types\/post"}],"author":[{"embeddable":true,"href":"https:\/\/podzial.rodzinne.com.pl\/news\/wp-json\/wp\/v2\/users\/1"}],"replies":[{"embeddable":true,"href":"https:\/\/podzial.rodzinne.com.pl\/news\/wp-json\/wp\/v2\/comments?post=394"}],"version-history":[{"count":2,"href":"https:\/\/podzial.rodzinne.com.pl\/news\/wp-json\/wp\/v2\/posts\/394\/revisions"}],"predecessor-version":[{"id":475,"href":"https:\/\/podzial.rodzinne.com.pl\/news\/wp-json\/wp\/v2\/posts\/394\/revisions\/475"}],"wp:attachment":[{"href":"https:\/\/podzial.rodzinne.com.pl\/news\/wp-json\/wp\/v2\/media?parent=394"}],"wp:term":[{"taxonomy":"category","embeddable":true,"href":"https:\/\/podzial.rodzinne.com.pl\/news\/wp-json\/wp\/v2\/categories?post=394"},{"taxonomy":"post_tag","embeddable":true,"href":"https:\/\/podzial.rodzinne.com.pl\/news\/wp-json\/wp\/v2\/tags?post=394"}],"curies":[{"name":"wp","href":"https:\/\/api.w.org\/{rel}","templated":true}]}}