{"id":404,"date":"2023-06-05T15:27:00","date_gmt":"2023-06-05T13:27:00","guid":{"rendered":"https:\/\/podzial.rodzinne.com.pl\/news\/?p=404"},"modified":"2025-04-09T21:03:42","modified_gmt":"2025-04-09T19:03:42","slug":"dywidenda-od-udzialow-zbytych-po-ustaniu-wspolnosci-ustawowej","status":"publish","type":"post","link":"https:\/\/podzial.rodzinne.com.pl\/news\/dywidenda-od-udzialow-zbytych-po-ustaniu-wspolnosci-ustawowej\/","title":{"rendered":"Dywidenda od udzia\u0142\u00f3w zbytych po ustaniu wsp\u00f3lno\u015bci ustawowej"},"content":{"rendered":"\n<p>Zgodnie z postanowienie S\u0105du Najwy\u017cszego z dnia 12 stycznia 2018 r. (II CSK 220\/17) W zakresie dywidendy, jaka nale\u017cy si\u0119 od udzia\u0142\u00f3w obj\u0119tych wsp\u00f3lno\u015bci\u0105 ustawow\u0105, a po jej ustaniu stanowi\u0105cych wsp\u00f3\u0142w\u0142asno\u015b\u0107 ma\u0142\u017conk\u00f3w w cz\u0119\u015bciach r\u00f3wnych brak jest podstaw do przyjmowania fikcji, \u017ce dla potrzeb podzia\u0142u tej dywidendy nale\u017cy traktowa\u0107 te udzia\u0142y tak jakby nie zosta\u0142y zbyte. Ma to znaczenie, aby dziel\u0105c te udzia\u0142y mo\u017cna by\u0142o przydzieli\u0107 je tak\u017ce temu z ma\u0142\u017conk\u00f3w, kt\u00f3ry nie by\u0142 wsp\u00f3lnikiem oraz dla uwzgl\u0119dnienia przy podziale warto\u015bci tych udzia\u0142\u00f3w z daty podzia\u0142u maj\u0105tku wsp\u00f3lnego.<\/p>\n\n\n\n<p>Oznacza to, \u017ce prawo do dywidendy nie przys\u0142uguje po dacie skutecznego zbycia udzia\u0142\u00f3w sp\u00f3\u0142ki w stosunku do ma\u0142\u017conka, kt\u00f3ry dokona\u0142 zbycia udzia\u0142\u00f3w wbrew woli drugiego wsp\u00f3\u0142ma\u0142\u017conka r\u00f3wnie\u017c w stosunku do nowego nabywcy, jak te\u017c sp\u00f3\u0142ki z ograniczon\u0105 odpowiedzialno\u015bci\u0105.<\/p>\n\n\n\n<p>Natomiast skuteczne zbycie udzia\u0142\u00f3w w sp\u00f3\u0142ce z ograniczon\u0105 odpowiedzialno\u015bci\u0105 przez ma\u0142\u017conka daje mo\u017cliwo\u015b\u0107 dochodzenia uznania za wsp\u00f3\u0142uprawnionego do zbytych udzia\u0142\u00f3w przez wsp\u00f3\u0142ma\u0142\u017conka od nowego nabywcy i od sp\u00f3\u0142ki z ograniczon\u0105 odpowiedzialno\u015bci\u0105.<\/p>\n","protected":false},"excerpt":{"rendered":"<p>Zgodnie z postanowienie S\u0105du Najwy\u017cszego z dnia 12 stycznia 2018 r. (II CSK 220\/17) W zakresie dywidendy, jaka nale\u017cy si\u0119 od udzia\u0142\u00f3w obj\u0119tych wsp\u00f3lno\u015bci\u0105 ustawow\u0105, a po jej ustaniu stanowi\u0105cych wsp\u00f3\u0142w\u0142asno\u015b\u0107 ma\u0142\u017conk\u00f3w w cz\u0119\u015bciach r\u00f3wnych brak jest podstaw do przyjmowania fikcji, \u017ce dla potrzeb podzia\u0142u tej dywidendy nale\u017cy traktowa\u0107 te udzia\u0142y tak jakby nie zosta\u0142y [&hellip;]<\/p>\n","protected":false},"author":1,"featured_media":0,"comment_status":"closed","ping_status":"open","sticky":false,"template":"","format":"standard","meta":{"footnotes":""},"categories":[2],"tags":[55,57,56,42],"class_list":["post-404","post","type-post","status-publish","format-standard","hentry","category-news-pl","tag-dywidenda","tag-majatkek-wspolny","tag-spolka","tag-udzialy"],"_links":{"self":[{"href":"https:\/\/podzial.rodzinne.com.pl\/news\/wp-json\/wp\/v2\/posts\/404","targetHints":{"allow":["GET"]}}],"collection":[{"href":"https:\/\/podzial.rodzinne.com.pl\/news\/wp-json\/wp\/v2\/posts"}],"about":[{"href":"https:\/\/podzial.rodzinne.com.pl\/news\/wp-json\/wp\/v2\/types\/post"}],"author":[{"embeddable":true,"href":"https:\/\/podzial.rodzinne.com.pl\/news\/wp-json\/wp\/v2\/users\/1"}],"replies":[{"embeddable":true,"href":"https:\/\/podzial.rodzinne.com.pl\/news\/wp-json\/wp\/v2\/comments?post=404"}],"version-history":[{"count":2,"href":"https:\/\/podzial.rodzinne.com.pl\/news\/wp-json\/wp\/v2\/posts\/404\/revisions"}],"predecessor-version":[{"id":470,"href":"https:\/\/podzial.rodzinne.com.pl\/news\/wp-json\/wp\/v2\/posts\/404\/revisions\/470"}],"wp:attachment":[{"href":"https:\/\/podzial.rodzinne.com.pl\/news\/wp-json\/wp\/v2\/media?parent=404"}],"wp:term":[{"taxonomy":"category","embeddable":true,"href":"https:\/\/podzial.rodzinne.com.pl\/news\/wp-json\/wp\/v2\/categories?post=404"},{"taxonomy":"post_tag","embeddable":true,"href":"https:\/\/podzial.rodzinne.com.pl\/news\/wp-json\/wp\/v2\/tags?post=404"}],"curies":[{"name":"wp","href":"https:\/\/api.w.org\/{rel}","templated":true}]}}