{"id":406,"date":"2023-07-03T15:28:00","date_gmt":"2023-07-03T13:28:00","guid":{"rendered":"https:\/\/podzial.rodzinne.com.pl\/news\/?p=406"},"modified":"2025-04-09T21:02:06","modified_gmt":"2025-04-09T19:02:06","slug":"wazne-powody-dla-nierownych-udzialow-w-majatku-wspolnym","status":"publish","type":"post","link":"https:\/\/podzial.rodzinne.com.pl\/news\/wazne-powody-dla-nierownych-udzialow-w-majatku-wspolnym\/","title":{"rendered":"Wa\u017cne powody dla nier\u00f3wnych udzia\u0142\u00f3w w maj\u0105tku wsp\u00f3lnym"},"content":{"rendered":"\n<p>W wyrokiem z dnia 27 lutego 2023 r. o sygnaturze akt I CSK 3595\/22 S\u0105d Najwy\u017cszy odni\u00f3s\u0142 si\u0119 do zagadnienia poj\u0119cia \u201ewa\u017cnych powod\u00f3w\u201d w kontek\u015bcie art. 43 \u00a7 2 kodeksu rodzinnego i opieku\u0144czego. Przepis ten stanowi, \u017ce z wa\u017cnych powod\u00f3w ka\u017cde z ma\u0142\u017conk\u00f3w mo\u017ce \u017c\u0105da\u0107, aby ustalenie udzia\u0142\u00f3w w maj\u0105tku wsp\u00f3lnym nast\u0105pi\u0142o z uwzgl\u0119dnieniem stopnia, w kt\u00f3rym ka\u017cde z ma\u0142\u017conk\u00f3w przyczyni\u0142o si\u0119 do powstania maj\u0105tku, co stanowi wyj\u0105tek od zasady r\u00f3wnych udzia\u0142\u00f3w ma\u0142\u017conk\u00f3w w maj\u0105tku wsp\u00f3lnym.<\/p>\n\n\n\n<p>Wyrok zapad\u0142 na gruncie skargi kasacyjnej uczestnika na orzeczenie S\u0105du Okr\u0119gowego, kt\u00f3ry nie przychyli\u0142 si\u0119 do apelacji uczestnika \u017c\u0105daj\u0105cego ustalenia jego udzia\u0142u w maj\u0105tku wsp\u00f3lnym na 70% a jego ma\u0142\u017conki na 30%. Jako istotne zagadnienie prawne, kt\u00f3re wymaga rozstrzygni\u0119cia, wskaza\u0142 on potrzeb\u0119 zdefiniowania przes\u0142anki \u201ewa\u017cnych powod\u00f3w\u201d przez wskazanie czy maj\u0105 one wy\u0142\u0105cznie charakter niemaj\u0105tkowy, czy mog\u0105 by\u0107 zwi\u0105zane z r\u00f3\u017cnic\u0105 w wykszta\u0142ceniu i przejawianiu aktywno\u015bci zawodowej oraz powstanie maj\u0105tku osobistego dzi\u0119ki marce osobistej jednego z ma\u0142\u017conk\u00f3w.<\/p>\n\n\n\n<p>S\u0105d Najwy\u017cszy uzna\u0142 tak sformu\u0142owane pytania za zbyt szczeg\u00f3\u0142owe, aby mog\u0142y mie\u0107 one walor dla rozwoju prawa. S\u0105d zwr\u00f3ci\u0142 uwag\u0119, \u017ce art. 43 \u00a7 2 kodeksu rodzinnego i opieku\u0144czego pos\u0142uguje si\u0119 klauzulami generalnymi i zwrotami niedookre\u015blonymi w okre\u015blonym celu \u2013 owe techniki stosowane w legislacji pozwalaj\u0105 s\u0105dom na bardziej elastyczn\u0105 ocen\u0119 ka\u017cdego przypadku, wynikaj\u0105c\u0105 z ca\u0142okszta\u0142tu sprawy, kt\u00f3ra nie mo\u017ce mie\u0107 jednak charakteru dowolnego. Z tego te\u017c powodu zdefiniowanie tej klauzuli generalnej nie jest mo\u017cliwe. Jednak\u017ce mo\u017cna wskaza\u0107 przes\u0142anki wskazuj\u0105ce na zaistnienie wa\u017cnych powod\u00f3w. Przyk\u0142adowo, jest to stwierdzenie naruszenia zasad wsp\u00f3\u0142\u017cycia spo\u0142ecznego, kt\u00f3re wynikn\u0119\u0142o z czerpania przez ma\u0142\u017conka korzy\u015bci z cz\u0119\u015bci maj\u0105tku wsp\u00f3lnego, do kt\u00f3rej powstania si\u0119 nie przyczyni\u0142. Jest to r\u00f3wnie\u017c naganne post\u0119powania ma\u0142\u017conka, przeciwko kt\u00f3remu skierowane jest \u017c\u0105dania, kt\u00f3re przejawia si\u0119 w ra\u017c\u0105cym lub uporczywym nieprzyczynianiu si\u0119 do powstania maj\u0105tku wsp\u00f3lnego stosownie do si\u0142 i mo\u017cliwo\u015bci zarobkowych.<\/p>\n\n\n\n<p>Tak wi\u0119c, opr\u00f3cz wa\u017cnych powod\u00f3w przes\u0142ank\u0105 do wniesienia \u017c\u0105dania okre\u015blonego w &nbsp;art. 43 \u00a7 2 kodeksu rodzinnego i opieku\u0144czego jest rzeczywiste przyczynianie si\u0119 ma\u0142\u017conk\u00f3w do maj\u0105tku osobistego w r\u00f3\u017cnym stopniu. Samo poj\u0119cie przyczyniania si\u0119 nie ma charakteru czysto maj\u0105tkowego \u2013 tak\u017ce przyczynianie si\u0119 do wychowania dzieci i praca po\u015bwi\u0119cona gospodarstwu domowemu powinny by\u0107 brane pod uwag\u0119 przy ocenie tej materii. Istotn\u0105 kwesti\u0105 jest tak\u017ce spos\u00f3b wydatkowania maj\u0105tku wsp\u00f3lnego, np. marnotrawienie maj\u0105tku wsp\u00f3lnego. R\u00f3\u017cny stopie\u0144 przyczyniania si\u0119 do powstania tego maj\u0105tku ma znaczenie, je\u017celi r\u00f3\u017cnica ta jest istotna i wyra\u017ana.<\/p>\n\n\n\n<p>S\u0105d Najwy\u017cszy na koniec podkre\u015bli\u0142, \u017ce skar\u017c\u0105cy nie sprosta\u0142 wymaganiom skargi kasacyjnej, bowiem nie wykaza\u0142, \u017ce orzeczenie S\u0105du Okr\u0119gowego zapad\u0142o z ra\u017c\u0105cym naruszeniem przepis\u00f3w prawa, a wi\u0119c skarga nie zas\u0142uguje na rozpoznanie. Ponadto przypomnia\u0142, \u017ce nie jest s\u0105dem trzeciej instancji.<\/p>\n","protected":false},"excerpt":{"rendered":"<p>W wyrokiem z dnia 27 lutego 2023 r. o sygnaturze akt I CSK 3595\/22 S\u0105d Najwy\u017cszy odni\u00f3s\u0142 si\u0119 do zagadnienia poj\u0119cia \u201ewa\u017cnych powod\u00f3w\u201d w kontek\u015bcie art. 43 \u00a7 2 kodeksu rodzinnego i opieku\u0144czego. Przepis ten stanowi, \u017ce z wa\u017cnych powod\u00f3w ka\u017cde z ma\u0142\u017conk\u00f3w mo\u017ce \u017c\u0105da\u0107, aby ustalenie udzia\u0142\u00f3w w maj\u0105tku wsp\u00f3lnym nast\u0105pi\u0142o z uwzgl\u0119dnieniem stopnia, [&hellip;]<\/p>\n","protected":false},"author":1,"featured_media":0,"comment_status":"closed","ping_status":"open","sticky":false,"template":"","format":"standard","meta":{"footnotes":""},"categories":[2],"tags":[38,52,54,36],"class_list":["post-406","post","type-post","status-publish","format-standard","hentry","category-news-pl","tag-majatek-wspolny","tag-nierowne-udzialy","tag-prawo","tag-przepisy"],"_links":{"self":[{"href":"https:\/\/podzial.rodzinne.com.pl\/news\/wp-json\/wp\/v2\/posts\/406","targetHints":{"allow":["GET"]}}],"collection":[{"href":"https:\/\/podzial.rodzinne.com.pl\/news\/wp-json\/wp\/v2\/posts"}],"about":[{"href":"https:\/\/podzial.rodzinne.com.pl\/news\/wp-json\/wp\/v2\/types\/post"}],"author":[{"embeddable":true,"href":"https:\/\/podzial.rodzinne.com.pl\/news\/wp-json\/wp\/v2\/users\/1"}],"replies":[{"embeddable":true,"href":"https:\/\/podzial.rodzinne.com.pl\/news\/wp-json\/wp\/v2\/comments?post=406"}],"version-history":[{"count":2,"href":"https:\/\/podzial.rodzinne.com.pl\/news\/wp-json\/wp\/v2\/posts\/406\/revisions"}],"predecessor-version":[{"id":469,"href":"https:\/\/podzial.rodzinne.com.pl\/news\/wp-json\/wp\/v2\/posts\/406\/revisions\/469"}],"wp:attachment":[{"href":"https:\/\/podzial.rodzinne.com.pl\/news\/wp-json\/wp\/v2\/media?parent=406"}],"wp:term":[{"taxonomy":"category","embeddable":true,"href":"https:\/\/podzial.rodzinne.com.pl\/news\/wp-json\/wp\/v2\/categories?post=406"},{"taxonomy":"post_tag","embeddable":true,"href":"https:\/\/podzial.rodzinne.com.pl\/news\/wp-json\/wp\/v2\/tags?post=406"}],"curies":[{"name":"wp","href":"https:\/\/api.w.org\/{rel}","templated":true}]}}