{"id":410,"date":"2023-09-04T15:31:00","date_gmt":"2023-09-04T13:31:00","guid":{"rendered":"https:\/\/podzial.rodzinne.com.pl\/news\/?p=410"},"modified":"2025-04-09T20:58:22","modified_gmt":"2025-04-09T18:58:22","slug":"klauzula-waznych-powodow-w-najnowszych-orzeczeniach-sadu-najwyzszego","status":"publish","type":"post","link":"https:\/\/podzial.rodzinne.com.pl\/news\/klauzula-waznych-powodow-w-najnowszych-orzeczeniach-sadu-najwyzszego\/","title":{"rendered":"Klauzula wa\u017cnych powod\u00f3w w najnowszych orzeczeniach S\u0105du Najwy\u017cszego"},"content":{"rendered":"\n<p>S\u0105d Najwy\u017cszy, postanowieniem z dnia 24 pa\u017adziernika 2022 r. w sprawie I CSK 3074\/22 odm\u00f3wi\u0142 przyj\u0119cia skargi kasacyjnej do rozpoznania jako oczywi\u015bcie niezasadnej.<\/p>\n\n\n\n<p>W skardze kasacyjnej, stanowi\u0105cej jak podkre\u015bla S\u0105d Najwy\u017cszy nie trzeci\u0105 instancj\u0119, lecz nadzwyczajny \u015brodek zaskar\u017cenia skar\u017c\u0105cy powinien wykaza\u0107 jedn\u0105 ze \u015bci\u015ble okre\u015blonych przes\u0142anek. Jedn\u0105 z nich jest oczywista zasadno\u015b\u0107 skargi, kt\u00f3r\u0105 to wykazywa\u0142 skar\u017c\u0105cy.<\/p>\n\n\n\n<p>Skar\u017c\u0105cy d\u0105\u017cy\u0142 do ustanowienia rozdzielno\u015bci maj\u0105tkowej z moc\u0105 wsteczn\u0105, z uwagi na fakt, \u017ce od d\u0142u\u017cszego czasu pozostawa\u0142 w faktycznej separacji ze swoj\u0105 \u017con\u0105. S\u0105d II instancji nie podzieli\u0142 jednak jego<\/p>\n\n\n\n<p>Skar\u017c\u0105cy wskazywa\u0142, \u017ce w sprawie wyst\u0119puje oczywista zasadno\u015b\u0107 skargi kasacyjnej, poniewa\u017c S\u0105d II instancji (\u2026) nieprawid\u0142owo przyj\u0105\u0142, \u017ce separacja faktyczna mi\u0119dzy stronami nie doprowadzi\u0142a do znacznej zmiany w stosunkach stron i \u017ce dat\u0105 wyst\u0105pienia przes\u0142anek ustanowienia rozdzielno\u015bci jest dopiero data zamkni\u0119cia rozprawy przed S\u0105dem I instancji (tj. orzeczenia formalnej separacji).<\/p>\n\n\n\n<p>S\u0105d Najwy\u017cszy nie uzna\u0142 skargi za oczywi\u015bcie zasadn\u0105.<\/p>\n\n\n\n<p>S\u0105d wskaza\u0142, \u017ce art. 52 par. 1 KRO stanowi, ze ka\u017cdy z ma\u0142\u017conk\u00f3w mo\u017ce \u017c\u0105da\u0107 ustanowienia przez s\u0105d rozdzielno\u015bci maj\u0105tkowej z wa\u017cnych powod\u00f3w.<\/p>\n\n\n\n<p>Klauzula &#8222;wa\u017cnych powod\u00f3w&#8221; ma charakter elastyczny i pozostawia s\u0105dowi szeroki margines swobody, wymagaj\u0105cy subiektywnej i zindywidualizowanej oceny w ka\u017cdej sprawie.<\/p>\n\n\n\n<p>Si\u0142\u0105 rzeczy wi\u0119c, nie wymaga ona spe\u0142niania \u017cadnych konkretnych przes\u0142anek i odwo\u0142uje si\u0119 do moralno\u015bci i do\u015bwiadczenia \u017cyciowego s\u0105du.<\/p>\n\n\n\n<p>S\u0105d w postanowieniu powo\u0142a\u0142 si\u0119 tak\u017ce na opisane wcze\u015bniej na naszej stronie postanowienie III CSK 64\/20, w kt\u00f3rym uzna\u0142, \u017ce nie ka\u017cda posta\u0107 separacji faktycznej mo\u017ce stanowi\u0107 wa\u017cny pow\u00f3d ustanowienia rozdzielno\u015bci maj\u0105tkowej.<\/p>\n\n\n\n<p>Wed\u0142ug s\u0105du, sama okoliczno\u015b\u0107 istnienia mi\u0119dzy ma\u0142\u017conkami separacji faktycznej nie przes\u0105dza daty powstania rozdzielno\u015bci maj\u0105tkowej.<\/p>\n","protected":false},"excerpt":{"rendered":"<p>S\u0105d Najwy\u017cszy, postanowieniem z dnia 24 pa\u017adziernika 2022 r. w sprawie I CSK 3074\/22 odm\u00f3wi\u0142 przyj\u0119cia skargi kasacyjnej do rozpoznania jako oczywi\u015bcie niezasadnej. W skardze kasacyjnej, stanowi\u0105cej jak podkre\u015bla S\u0105d Najwy\u017cszy nie trzeci\u0105 instancj\u0119, lecz nadzwyczajny \u015brodek zaskar\u017cenia skar\u017c\u0105cy powinien wykaza\u0107 jedn\u0105 ze \u015bci\u015ble okre\u015blonych przes\u0142anek. Jedn\u0105 z nich jest oczywista zasadno\u015b\u0107 skargi, kt\u00f3r\u0105 to [&hellip;]<\/p>\n","protected":false},"author":1,"featured_media":0,"comment_status":"closed","ping_status":"open","sticky":false,"template":"","format":"standard","meta":{"footnotes":""},"categories":[2],"tags":[47,22,46,48,45],"class_list":["post-410","post","type-post","status-publish","format-standard","hentry","category-news-pl","tag-ii-instancja","tag-rozdzielnosc-majatkowa","tag-rozpoznanie","tag-sad","tag-skarga-kasacyjna"],"_links":{"self":[{"href":"https:\/\/podzial.rodzinne.com.pl\/news\/wp-json\/wp\/v2\/posts\/410","targetHints":{"allow":["GET"]}}],"collection":[{"href":"https:\/\/podzial.rodzinne.com.pl\/news\/wp-json\/wp\/v2\/posts"}],"about":[{"href":"https:\/\/podzial.rodzinne.com.pl\/news\/wp-json\/wp\/v2\/types\/post"}],"author":[{"embeddable":true,"href":"https:\/\/podzial.rodzinne.com.pl\/news\/wp-json\/wp\/v2\/users\/1"}],"replies":[{"embeddable":true,"href":"https:\/\/podzial.rodzinne.com.pl\/news\/wp-json\/wp\/v2\/comments?post=410"}],"version-history":[{"count":2,"href":"https:\/\/podzial.rodzinne.com.pl\/news\/wp-json\/wp\/v2\/posts\/410\/revisions"}],"predecessor-version":[{"id":467,"href":"https:\/\/podzial.rodzinne.com.pl\/news\/wp-json\/wp\/v2\/posts\/410\/revisions\/467"}],"wp:attachment":[{"href":"https:\/\/podzial.rodzinne.com.pl\/news\/wp-json\/wp\/v2\/media?parent=410"}],"wp:term":[{"taxonomy":"category","embeddable":true,"href":"https:\/\/podzial.rodzinne.com.pl\/news\/wp-json\/wp\/v2\/categories?post=410"},{"taxonomy":"post_tag","embeddable":true,"href":"https:\/\/podzial.rodzinne.com.pl\/news\/wp-json\/wp\/v2\/tags?post=410"}],"curies":[{"name":"wp","href":"https:\/\/api.w.org\/{rel}","templated":true}]}}