{"id":416,"date":"2023-12-04T15:34:00","date_gmt":"2023-12-04T14:34:00","guid":{"rendered":"https:\/\/podzial.rodzinne.com.pl\/news\/?p=416"},"modified":"2025-04-09T20:54:26","modified_gmt":"2025-04-09T18:54:26","slug":"naklady-na-majatek-osobisty-malzonka-w-perspektywie-podzialu-majatku-wspolnego","status":"publish","type":"post","link":"https:\/\/podzial.rodzinne.com.pl\/news\/naklady-na-majatek-osobisty-malzonka-w-perspektywie-podzialu-majatku-wspolnego\/","title":{"rendered":"Nak\u0142ady na maj\u0105tek osobisty ma\u0142\u017conka w perspektywie podzia\u0142u maj\u0105tku wsp\u00f3lnego."},"content":{"rendered":"\n<p>Kwesti\u0105 nak\u0142ad\u00f3w na maj\u0105tek osobisty ma\u0142\u017conka zaj\u0105\u0142 si\u0119 S\u0105d Najwy\u017cszy (Postanowienie S\u0105du Najwy\u017cszego I CSK 3142\/22 z dnia 21 grudnia 2022 r.).<\/p>\n\n\n\n<p>Wci\u0105\u017c najcz\u0119\u015bciej wybieranym rozwi\u0105zaniem, je\u017celi chodzi o form\u0119 ustroju maj\u0105tkowego ma\u0142\u017conk\u00f3w, jest wsp\u00f3lno\u015b\u0107 maj\u0105tkowa. Jest to w pewnym sensie rozwi\u0105zanie preferowane przez ustawodawc\u0119, uregulowane jako podstawowe i w pewnym sensie preferowane przez niego.<\/p>\n\n\n\n<p>Wsp\u00f3lno\u015b\u0107 maj\u0105tkowa raz ustanowiona, nie musi trwa\u0107 ju\u017c jednak zawsze. Zgodnie z przepisami kodeksu rodzinnego i opieku\u0144czego, mo\u017ce zosta\u0107 ona zniesiona w r\u00f3\u017cny spos\u00f3b, np. poprzez wprowadzenie przez ma\u0142\u017conk\u00f3w umownego ustroju maj\u0105tkowego ju\u017c w czasie trwania ma\u0142\u017ce\u0144stwa, poprzez wprowadzenie przymusowej rozdzielno\u015bci maj\u0105tkowej czy przez s\u0105d na wniosek kt\u00f3regokolwiek z ma\u0142\u017conk\u00f3w z wa\u017cnych powod\u00f3w. Ustanie wsp\u00f3lno\u015bci maj\u0105tkowej powoduje tak\u017ce orzeczenie separacji lub rozwodu.<\/p>\n\n\n\n<p>W momencie ustania wsp\u00f3lno\u015bci maj\u0105tkowej, zgodnie z art. 45 \u00a71 i 2 k.r. i. o., przy podziale maj\u0105tku wsp\u00f3lnego nale\u017cy dokona\u0107 rozlicze\u0144 mi\u0119dzy ma\u0142\u017conkami, tak aby uwzgl\u0119dni\u0107 wk\u0142ady ma\u0142\u017conk\u00f3w na poczet maj\u0105tku wsp\u00f3lnego. Z pewno\u015bci\u0105 nie budzi do w\u0105tpliwo\u015bci. Jednak\u017ce, podkre\u015bli\u0107 nale\u017cy, \u017ce takiego rodzaju rozlicze\u0144 nale\u017cy dokona\u0107 w drug\u0105 stron\u0119. Wzi\u0105\u0107 nale\u017cy pod uwag\u0119 przyrosty maj\u0105tku osobistego ma\u0142\u017conka, kosztem maj\u0105tku wsp\u00f3lnego.<\/p>\n\n\n\n<p>Tytu\u0142em zobrazowania twierdzenia S\u0105du w drodze prostego przyk\u0142adu:<\/p>\n\n\n\n<p>Je\u017celi \u017cona posiada mieszkanie przed \u015blubem (czyli posiada je w maj\u0105tku osobistym), ale po \u015blubie dokona jego remontu z pieni\u0119dzy zarobionych przez ni\u0105 i m\u0119\u017ca, w przypadku podzia\u0142u maj\u0105tku wsp\u00f3lnego, m\u0105\u017c b\u0119dzie uprawniony do \u017c\u0105dania nie tylko zwrotu nominalnego nak\u0142adu, ale r\u00f3wnie\u017c zwi\u0119kszenia przypadaj\u0105cej mu udzia\u0142u w maj\u0105tku o odpowiedni\u0105 cz\u0119\u015b\u0107 warto\u015bci, o kt\u00f3r\u0105 wzros\u0142a warto\u015b\u0107 mieszkania \u017cony w wyniku remontu<\/p>\n\n\n\n<p>W omawianej sprawie &nbsp;S\u0105d Okr\u0119gowy orzek\u0142 o rozliczeniu nak\u0142ad\u00f3w z maj\u0105tku wsp\u00f3lnego ma\u0142\u017conk\u00f3w na wniesiony przez uczestnika wk\u0142ad do sp\u00f3\u0142ki cywilnej, przekszta\u0142conej nast\u0119pnie w sp\u00f3\u0142k\u0119 jawn\u0105, bez z\u0142o\u017cenia przez wnioskodawczyni\u0119 stosownego \u017c\u0105dania; we wniosku i w dalszym toku post\u0119powania wnioskodawczyni \u017c\u0105da\u0142a bowiem 1\/4 dochodu ze sprzeda\u017cy przedsi\u0119biorstwa sp\u00f3\u0142ki. Nadto S\u0105d &#8211; zdaniem uczestnika: b\u0142\u0119dnie &#8211; oceni\u0142, \u017ce rozliczeniu podlega kwota stanowi\u0105ca r\u00f3wnowarto\u015b\u0107 udzia\u0142u uczestnika w sp\u00f3\u0142ce jawnej w dniu ustania wsp\u00f3lno\u015bci maj\u0105tkowej, kt\u00f3ra to warto\u015b\u0107 dalece r\u00f3\u017cni si\u0119 od kwoty rzeczywi\u015bcie wp\u0142aconej przez uczestnika tytu\u0142em wk\u0142adu do sp\u00f3\u0142ki cywilnej, przekszta\u0142conej nast\u0119pnie w sp\u00f3\u0142k\u0119 jawn\u0105.<\/p>\n\n\n\n<p>Zdaniem S\u0105du Najwy\u017cszego wystarczaj\u0105ce jest wskazanie na dokonanie okre\u015blonego nak\u0142adu (w postaci pieni\u0119\u017cnej lub nak\u0142adu rzeczowego) i wykazanie jego poczynienia.&nbsp; Wysoko\u015b\u0107 za\u015b kwoty, kt\u00f3ra z tego tytu\u0142u powinna by\u0107 uwzgl\u0119dniona w rozliczeniach dokonywanych w ramach podzia\u0142u maj\u0105tku wsp\u00f3lnego, niejednokrotnie nie musi finalnie odpowiada\u0107 nominalnej warto\u015bci nak\u0142adu, nierzadko dokonanego na wiele lat przed ustaniem wsp\u00f3lno\u015bci ustawowej; wysoko\u015b\u0107 ta podlega bowiem ustaleniu z uwzgl\u0119dnieniem wypracowanych w tym zakresie zasad w\u0142a\u015bciwych dla post\u0119powania dzia\u0142owego.<\/p>\n\n\n\n<p>Takie stanowisko, znajduj\u0105ce umocowanie w brzmieniu przywo\u0142anych przepis\u00f3w, wyra\u017ca ide\u0119 ochrony \u2013 przez odtworzenie pe\u0142nej warto\u015bci \u2013 maj\u0105tku wsp\u00f3lnego, uszczuplonego wskutek nak\u0142ad\u00f3w na maj\u0105tek osobisty ma\u0142\u017conka.<\/p>\n","protected":false},"excerpt":{"rendered":"<p>Kwesti\u0105 nak\u0142ad\u00f3w na maj\u0105tek osobisty ma\u0142\u017conka zaj\u0105\u0142 si\u0119 S\u0105d Najwy\u017cszy (Postanowienie S\u0105du Najwy\u017cszego I CSK 3142\/22 z dnia 21 grudnia 2022 r.). Wci\u0105\u017c najcz\u0119\u015bciej wybieranym rozwi\u0105zaniem, je\u017celi chodzi o form\u0119 ustroju maj\u0105tkowego ma\u0142\u017conk\u00f3w, jest wsp\u00f3lno\u015b\u0107 maj\u0105tkowa. Jest to w pewnym sensie rozwi\u0105zanie preferowane przez ustawodawc\u0119, uregulowane jako podstawowe i w pewnym sensie preferowane przez niego. [&hellip;]<\/p>\n","protected":false},"author":1,"featured_media":0,"comment_status":"closed","ping_status":"open","sticky":false,"template":"","format":"standard","meta":{"footnotes":""},"categories":[2],"tags":[40,14,29,41,42,23],"class_list":["post-416","post","type-post","status-publish","format-standard","hentry","category-news-pl","tag-majatek-osobisty","tag-naklady","tag-postepowanie","tag-rozliczenie","tag-udzialy","tag-umowa"],"_links":{"self":[{"href":"https:\/\/podzial.rodzinne.com.pl\/news\/wp-json\/wp\/v2\/posts\/416","targetHints":{"allow":["GET"]}}],"collection":[{"href":"https:\/\/podzial.rodzinne.com.pl\/news\/wp-json\/wp\/v2\/posts"}],"about":[{"href":"https:\/\/podzial.rodzinne.com.pl\/news\/wp-json\/wp\/v2\/types\/post"}],"author":[{"embeddable":true,"href":"https:\/\/podzial.rodzinne.com.pl\/news\/wp-json\/wp\/v2\/users\/1"}],"replies":[{"embeddable":true,"href":"https:\/\/podzial.rodzinne.com.pl\/news\/wp-json\/wp\/v2\/comments?post=416"}],"version-history":[{"count":2,"href":"https:\/\/podzial.rodzinne.com.pl\/news\/wp-json\/wp\/v2\/posts\/416\/revisions"}],"predecessor-version":[{"id":465,"href":"https:\/\/podzial.rodzinne.com.pl\/news\/wp-json\/wp\/v2\/posts\/416\/revisions\/465"}],"wp:attachment":[{"href":"https:\/\/podzial.rodzinne.com.pl\/news\/wp-json\/wp\/v2\/media?parent=416"}],"wp:term":[{"taxonomy":"category","embeddable":true,"href":"https:\/\/podzial.rodzinne.com.pl\/news\/wp-json\/wp\/v2\/categories?post=416"},{"taxonomy":"post_tag","embeddable":true,"href":"https:\/\/podzial.rodzinne.com.pl\/news\/wp-json\/wp\/v2\/tags?post=416"}],"curies":[{"name":"wp","href":"https:\/\/api.w.org\/{rel}","templated":true}]}}