{"id":420,"date":"2024-02-02T15:37:00","date_gmt":"2024-02-02T14:37:00","guid":{"rendered":"https:\/\/podzial.rodzinne.com.pl\/news\/?p=420"},"modified":"2025-04-09T20:24:58","modified_gmt":"2025-04-09T18:24:58","slug":"budowa-budynku-na-dzialce-zony","status":"publish","type":"post","link":"https:\/\/podzial.rodzinne.com.pl\/news\/budowa-budynku-na-dzialce-zony\/","title":{"rendered":"Budowa budynku na dzia\u0142ce \u017cony"},"content":{"rendered":"\n<p>Zgodnie z postanowieniem S\u0105du Najwy\u017cszego&nbsp;z dnia&nbsp;15 lutego 2023&nbsp;r. (I CSK 6372\/22), w sytuacji, w kt\u00f3rej w czasie trwania ma\u0142\u017ce\u0144stwa ze \u015brodk\u00f3w maj\u0105tku wsp\u00f3lnego wzniesiony zosta\u0142 na nieruchomo\u015bci stanowi\u0105cej maj\u0105tek osobisty jednego z ma\u0142\u017conk\u00f3w budynek, drugi z ma\u0142\u017conk\u00f3w mo\u017ce \u017c\u0105da\u0107 przeniesienia na swoj\u0105 rzecz w\u0142asno\u015bci tej nieruchomo\u015bci w cz\u0119\u015bci odpowiadaj\u0105cej jego udzia\u0142owi w maj\u0105tku wsp\u00f3lnym.<\/p>\n\n\n\n<p>Roszczenie o wykup mo\u017ce realizowa\u0107 tak\u017ce w post\u0119powaniu o podzia\u0142 maj\u0105tku wsp\u00f3lnego jako spos\u00f3b rozliczenia nak\u0142ad\u00f3w. Przyjmuje si\u0119 ponadto, \u017ce o roszczeniu o wykup w post\u0119powaniu o podzia\u0142 maj\u0105tku wsp\u00f3lnego s\u0105d mo\u017ce orzec nie tylko postanowieniem ko\u0144cowym, ale tak\u017ce w postanowieniu wst\u0119pnym (ds. 318 w zw. z ds. 13 \u00a7 2 k.p.c.), wzgl\u0119dnie w postanowieniu cz\u0119\u015bciowym (ds. 317 w zw. z ds. 13 \u00a7 2 k.p.c.).<\/p>\n\n\n\n<p>Przy czym s\u0105d mo\u017ce rozliczy\u0107 nak\u0142ad z maj\u0105tku wsp\u00f3lnego na maj\u0105tek osobisty jednego z ma\u0142\u017conk\u00f3w w drodze realizacji roszczenia o wykup wy\u0142\u0105cznie na wniosek jednego z ma\u0142\u017conk\u00f3w. Nie jest jednak zwi\u0105zany takim wnioskiem i mo\u017ce w inny spos\u00f3b, tj. przez zas\u0105dzenie odpowiedniej kwoty, rozliczy\u0107 dany nak\u0142ad.<\/p>\n","protected":false},"excerpt":{"rendered":"<p>Zgodnie z postanowieniem S\u0105du Najwy\u017cszego&nbsp;z dnia&nbsp;15 lutego 2023&nbsp;r. (I CSK 6372\/22), w sytuacji, w kt\u00f3rej w czasie trwania ma\u0142\u017ce\u0144stwa ze \u015brodk\u00f3w maj\u0105tku wsp\u00f3lnego wzniesiony zosta\u0142 na nieruchomo\u015bci stanowi\u0105cej maj\u0105tek osobisty jednego z ma\u0142\u017conk\u00f3w budynek, drugi z ma\u0142\u017conk\u00f3w mo\u017ce \u017c\u0105da\u0107 przeniesienia na swoj\u0105 rzecz w\u0142asno\u015bci tej nieruchomo\u015bci w cz\u0119\u015bci odpowiadaj\u0105cej jego udzia\u0142owi w maj\u0105tku wsp\u00f3lnym. Roszczenie [&hellip;]<\/p>\n","protected":false},"author":1,"featured_media":0,"comment_status":"closed","ping_status":"open","sticky":false,"template":"","format":"standard","meta":{"footnotes":""},"categories":[2],"tags":[9,14,16],"class_list":["post-420","post","type-post","status-publish","format-standard","hentry","category-news-pl","tag-majatek","tag-naklady","tag-rozliczenia"],"_links":{"self":[{"href":"https:\/\/podzial.rodzinne.com.pl\/news\/wp-json\/wp\/v2\/posts\/420","targetHints":{"allow":["GET"]}}],"collection":[{"href":"https:\/\/podzial.rodzinne.com.pl\/news\/wp-json\/wp\/v2\/posts"}],"about":[{"href":"https:\/\/podzial.rodzinne.com.pl\/news\/wp-json\/wp\/v2\/types\/post"}],"author":[{"embeddable":true,"href":"https:\/\/podzial.rodzinne.com.pl\/news\/wp-json\/wp\/v2\/users\/1"}],"replies":[{"embeddable":true,"href":"https:\/\/podzial.rodzinne.com.pl\/news\/wp-json\/wp\/v2\/comments?post=420"}],"version-history":[{"count":1,"href":"https:\/\/podzial.rodzinne.com.pl\/news\/wp-json\/wp\/v2\/posts\/420\/revisions"}],"predecessor-version":[{"id":421,"href":"https:\/\/podzial.rodzinne.com.pl\/news\/wp-json\/wp\/v2\/posts\/420\/revisions\/421"}],"wp:attachment":[{"href":"https:\/\/podzial.rodzinne.com.pl\/news\/wp-json\/wp\/v2\/media?parent=420"}],"wp:term":[{"taxonomy":"category","embeddable":true,"href":"https:\/\/podzial.rodzinne.com.pl\/news\/wp-json\/wp\/v2\/categories?post=420"},{"taxonomy":"post_tag","embeddable":true,"href":"https:\/\/podzial.rodzinne.com.pl\/news\/wp-json\/wp\/v2\/tags?post=420"}],"curies":[{"name":"wp","href":"https:\/\/api.w.org\/{rel}","templated":true}]}}