{"id":434,"date":"2024-09-02T15:46:00","date_gmt":"2024-09-02T13:46:00","guid":{"rendered":"https:\/\/podzial.rodzinne.com.pl\/news\/?p=434"},"modified":"2025-04-09T20:17:03","modified_gmt":"2025-04-09T18:17:03","slug":"wazny-powod-do-ustanowienia-rozdzielnosci-majatkowej-przez-sad","status":"publish","type":"post","link":"https:\/\/podzial.rodzinne.com.pl\/news\/wazny-powod-do-ustanowienia-rozdzielnosci-majatkowej-przez-sad\/","title":{"rendered":"Wa\u017cny pow\u00f3d do ustanowienia rozdzielno\u015bci maj\u0105tkowej przez s\u0105d."},"content":{"rendered":"\n<p>Zgodnie z wyrokiem S\u0105du Najwy\u017cszego z dnia 13 stycznia 2000 r. (II CKN 1070\/98). &#8222;Wa\u017cnym powodem&#8221; w rozumieniu art. 52 \u00a7 1 k. r. o. nie jest ka\u017cda posta\u0107 (przejaw) separacji faktycznej ma\u0142\u017conk\u00f3w, lecz tylko taka, kt\u00f3ra zarazem uniemo\u017cliwia im lub znacznie utrudnia wsp\u00f3\u0142dzia\u0142anie w zarz\u0105dzie ich maj\u0105tkiem wsp\u00f3lnym.<\/p>\n\n\n\n<p><\/p>\n","protected":false},"excerpt":{"rendered":"<p>Zgodnie z wyrokiem S\u0105du Najwy\u017cszego z dnia 13 stycznia 2000 r. (II CKN 1070\/98). &#8222;Wa\u017cnym powodem&#8221; w rozumieniu art. 52 \u00a7 1 k. r. o. nie jest ka\u017cda posta\u0107 (przejaw) separacji faktycznej ma\u0142\u017conk\u00f3w, lecz tylko taka, kt\u00f3ra zarazem uniemo\u017cliwia im lub znacznie utrudnia wsp\u00f3\u0142dzia\u0142anie w zarz\u0105dzie ich maj\u0105tkiem wsp\u00f3lnym.<\/p>\n","protected":false},"author":1,"featured_media":0,"comment_status":"closed","ping_status":"open","sticky":false,"template":"","format":"standard","meta":{"footnotes":""},"categories":[2],"tags":[9,18,20],"class_list":["post-434","post","type-post","status-publish","format-standard","hentry","category-news-pl","tag-majatek","tag-rozdzielnosci-majatkowa","tag-separacja"],"_links":{"self":[{"href":"https:\/\/podzial.rodzinne.com.pl\/news\/wp-json\/wp\/v2\/posts\/434","targetHints":{"allow":["GET"]}}],"collection":[{"href":"https:\/\/podzial.rodzinne.com.pl\/news\/wp-json\/wp\/v2\/posts"}],"about":[{"href":"https:\/\/podzial.rodzinne.com.pl\/news\/wp-json\/wp\/v2\/types\/post"}],"author":[{"embeddable":true,"href":"https:\/\/podzial.rodzinne.com.pl\/news\/wp-json\/wp\/v2\/users\/1"}],"replies":[{"embeddable":true,"href":"https:\/\/podzial.rodzinne.com.pl\/news\/wp-json\/wp\/v2\/comments?post=434"}],"version-history":[{"count":1,"href":"https:\/\/podzial.rodzinne.com.pl\/news\/wp-json\/wp\/v2\/posts\/434\/revisions"}],"predecessor-version":[{"id":435,"href":"https:\/\/podzial.rodzinne.com.pl\/news\/wp-json\/wp\/v2\/posts\/434\/revisions\/435"}],"wp:attachment":[{"href":"https:\/\/podzial.rodzinne.com.pl\/news\/wp-json\/wp\/v2\/media?parent=434"}],"wp:term":[{"taxonomy":"category","embeddable":true,"href":"https:\/\/podzial.rodzinne.com.pl\/news\/wp-json\/wp\/v2\/categories?post=434"},{"taxonomy":"post_tag","embeddable":true,"href":"https:\/\/podzial.rodzinne.com.pl\/news\/wp-json\/wp\/v2\/tags?post=434"}],"curies":[{"name":"wp","href":"https:\/\/api.w.org\/{rel}","templated":true}]}}