{"id":440,"date":"2024-12-02T15:49:00","date_gmt":"2024-12-02T14:49:00","guid":{"rendered":"https:\/\/podzial.rodzinne.com.pl\/news\/?p=440"},"modified":"2025-04-09T20:13:22","modified_gmt":"2025-04-09T18:13:22","slug":"naklady-pomiedzy-majatkami-osobistymi-malzonkow","status":"publish","type":"post","link":"https:\/\/podzial.rodzinne.com.pl\/news\/naklady-pomiedzy-majatkami-osobistymi-malzonkow\/","title":{"rendered":"Nak\u0142ady pomi\u0119dzy maj\u0105tkami osobistymi ma\u0142\u017conk\u00f3w"},"content":{"rendered":"\n<p>Zgodnie z postanowieniem S\u0105du Najwy\u017cszego z dnia 14 lutego 2024 r. (I CSK 3041\/23) na podstawie art. 45 \u00a7 2 k.r.o. i art. 567 \u00a7 1 k.p.c. w post\u0119powaniu o podzia\u0142 maj\u0105tku wsp\u00f3lnego s\u0105d rozstrzyga tak\u017ce o roszczeniach z tytu\u0142u nak\u0142ad\u00f3w z maj\u0105tku wsp\u00f3lnego na maj\u0105tek osobisty i odwrotnie. W post\u0119powaniu o podzia\u0142 maj\u0105tku wsp\u00f3lnego w og\u00f3le nie rozpoznaje si\u0119 roszcze\u0144 o zwrot nak\u0142adu z maj\u0105tku osobistego na osobisty drugiego ma\u0142\u017conka. Jednak dotyczy to tylko nak\u0142ad\u00f3w dokonywanych wprost z maj\u0105tku osobistego na osobisty.<\/p>\n","protected":false},"excerpt":{"rendered":"<p>Zgodnie z postanowieniem S\u0105du Najwy\u017cszego z dnia 14 lutego 2024 r. (I CSK 3041\/23) na podstawie art. 45 \u00a7 2 k.r.o. i art. 567 \u00a7 1 k.p.c. w post\u0119powaniu o podzia\u0142 maj\u0105tku wsp\u00f3lnego s\u0105d rozstrzyga tak\u017ce o roszczeniach z tytu\u0142u nak\u0142ad\u00f3w z maj\u0105tku wsp\u00f3lnego na maj\u0105tek osobisty i odwrotnie. W post\u0119powaniu o podzia\u0142 maj\u0105tku wsp\u00f3lnego [&hellip;]<\/p>\n","protected":false},"author":1,"featured_media":0,"comment_status":"closed","ping_status":"open","sticky":false,"template":"","format":"standard","meta":{"footnotes":""},"categories":[2],"tags":[9,14],"class_list":["post-440","post","type-post","status-publish","format-standard","hentry","category-news-pl","tag-majatek","tag-naklady"],"_links":{"self":[{"href":"https:\/\/podzial.rodzinne.com.pl\/news\/wp-json\/wp\/v2\/posts\/440","targetHints":{"allow":["GET"]}}],"collection":[{"href":"https:\/\/podzial.rodzinne.com.pl\/news\/wp-json\/wp\/v2\/posts"}],"about":[{"href":"https:\/\/podzial.rodzinne.com.pl\/news\/wp-json\/wp\/v2\/types\/post"}],"author":[{"embeddable":true,"href":"https:\/\/podzial.rodzinne.com.pl\/news\/wp-json\/wp\/v2\/users\/1"}],"replies":[{"embeddable":true,"href":"https:\/\/podzial.rodzinne.com.pl\/news\/wp-json\/wp\/v2\/comments?post=440"}],"version-history":[{"count":1,"href":"https:\/\/podzial.rodzinne.com.pl\/news\/wp-json\/wp\/v2\/posts\/440\/revisions"}],"predecessor-version":[{"id":441,"href":"https:\/\/podzial.rodzinne.com.pl\/news\/wp-json\/wp\/v2\/posts\/440\/revisions\/441"}],"wp:attachment":[{"href":"https:\/\/podzial.rodzinne.com.pl\/news\/wp-json\/wp\/v2\/media?parent=440"}],"wp:term":[{"taxonomy":"category","embeddable":true,"href":"https:\/\/podzial.rodzinne.com.pl\/news\/wp-json\/wp\/v2\/categories?post=440"},{"taxonomy":"post_tag","embeddable":true,"href":"https:\/\/podzial.rodzinne.com.pl\/news\/wp-json\/wp\/v2\/tags?post=440"}],"curies":[{"name":"wp","href":"https:\/\/api.w.org\/{rel}","templated":true}]}}