{"id":444,"date":"2025-02-03T15:51:00","date_gmt":"2025-02-03T14:51:00","guid":{"rendered":"https:\/\/podzial.rodzinne.com.pl\/news\/?p=444"},"modified":"2025-04-09T20:11:48","modified_gmt":"2025-04-09T18:11:48","slug":"polaczenie-w-jednym-postepowaniu-sprawy-o-dzial-spadku-ze-sprawa-o-zniesienie-wspolwlasnosci-i-sprawa-o-podzial-majatku-wspolnego","status":"publish","type":"post","link":"https:\/\/podzial.rodzinne.com.pl\/news\/polaczenie-w-jednym-postepowaniu-sprawy-o-dzial-spadku-ze-sprawa-o-zniesienie-wspolwlasnosci-i-sprawa-o-podzial-majatku-wspolnego\/","title":{"rendered":"Po\u0142\u0105czenie w jednym post\u0119powaniu sprawy o dzia\u0142 spadku ze spraw\u0105 o zniesienie wsp\u00f3\u0142w\u0142asno\u015bci i spraw\u0105 o podzia\u0142 maj\u0105tku wsp\u00f3lnego"},"content":{"rendered":"\n<p><br>Zgodnie z postanowieniem S\u0105du Najwy\u017cszego z dnia\u00a020 marca 2024 r. (III CZ 208\/23) artyku\u0142 689 k.p.c. zezwala na po\u0142\u0105czenie w jednym post\u0119powaniu sprawy o dzia\u0142 spadku ze spraw\u0105 o zniesienie wsp\u00f3\u0142w\u0142asno\u015bci i spraw\u0105 o podzia\u0142 maj\u0105tku wsp\u00f3lnego po ustaniu wsp\u00f3lno\u015bci maj\u0105tkowej ma\u0142\u017ce\u0144skiej. Gdy w sk\u0142ad spadku wchodzi udzia\u0142 w maj\u0105tku, kt\u00f3ry by\u0142 obj\u0119ty wsp\u00f3lno\u015bci\u0105 ma\u0142\u017ce\u0144sk\u0105, i wcze\u015bniej nie dosz\u0142o do przes\u0105dzenia ewentualnych zwrot\u00f3w z tytu\u0142u nak\u0142ad\u00f3w, wydatk\u00f3w oraz innych \u015bwiadcze\u0144 z maj\u0105tku wsp\u00f3lnego na maj\u0105tek odr\u0119bny lub odwrotnie, po\u0142\u0105czenie w jednym post\u0119powaniu dzia\u0142u spadku z podzia\u0142em maj\u0105tku wsp\u00f3lnego po ustaniu wsp\u00f3lno\u015bci maj\u0105tkowej ma\u0142\u017ce\u0144skiej jest konieczne. Dop\u00f3ki bowiem nie nast\u0105pi przes\u0105dzenie wspomnianych zwrot\u00f3w, nie jest mo\u017cliwe &#8211; a wed\u0142ug art. 684 k.p.c. konieczne &#8211; ustalenie sk\u0142adu i warto\u015bci dzielonego spadku.<\/p>\n","protected":false},"excerpt":{"rendered":"<p>Zgodnie z postanowieniem S\u0105du Najwy\u017cszego z dnia\u00a020 marca 2024 r. (III CZ 208\/23) artyku\u0142 689 k.p.c. zezwala na po\u0142\u0105czenie w jednym post\u0119powaniu sprawy o dzia\u0142 spadku ze spraw\u0105 o zniesienie wsp\u00f3\u0142w\u0142asno\u015bci i spraw\u0105 o podzia\u0142 maj\u0105tku wsp\u00f3lnego po ustaniu wsp\u00f3lno\u015bci maj\u0105tkowej ma\u0142\u017ce\u0144skiej. Gdy w sk\u0142ad spadku wchodzi udzia\u0142 w maj\u0105tku, kt\u00f3ry by\u0142 obj\u0119ty wsp\u00f3lno\u015bci\u0105 ma\u0142\u017ce\u0144sk\u0105, [&hellip;]<\/p>\n","protected":false},"author":1,"featured_media":0,"comment_status":"closed","ping_status":"open","sticky":false,"template":"","format":"standard","meta":{"footnotes":""},"categories":[2],"tags":[12,9,13],"class_list":["post-444","post","type-post","status-publish","format-standard","hentry","category-news-pl","tag-dzial-spadku","tag-majatek","tag-spadek"],"_links":{"self":[{"href":"https:\/\/podzial.rodzinne.com.pl\/news\/wp-json\/wp\/v2\/posts\/444","targetHints":{"allow":["GET"]}}],"collection":[{"href":"https:\/\/podzial.rodzinne.com.pl\/news\/wp-json\/wp\/v2\/posts"}],"about":[{"href":"https:\/\/podzial.rodzinne.com.pl\/news\/wp-json\/wp\/v2\/types\/post"}],"author":[{"embeddable":true,"href":"https:\/\/podzial.rodzinne.com.pl\/news\/wp-json\/wp\/v2\/users\/1"}],"replies":[{"embeddable":true,"href":"https:\/\/podzial.rodzinne.com.pl\/news\/wp-json\/wp\/v2\/comments?post=444"}],"version-history":[{"count":1,"href":"https:\/\/podzial.rodzinne.com.pl\/news\/wp-json\/wp\/v2\/posts\/444\/revisions"}],"predecessor-version":[{"id":445,"href":"https:\/\/podzial.rodzinne.com.pl\/news\/wp-json\/wp\/v2\/posts\/444\/revisions\/445"}],"wp:attachment":[{"href":"https:\/\/podzial.rodzinne.com.pl\/news\/wp-json\/wp\/v2\/media?parent=444"}],"wp:term":[{"taxonomy":"category","embeddable":true,"href":"https:\/\/podzial.rodzinne.com.pl\/news\/wp-json\/wp\/v2\/categories?post=444"},{"taxonomy":"post_tag","embeddable":true,"href":"https:\/\/podzial.rodzinne.com.pl\/news\/wp-json\/wp\/v2\/tags?post=444"}],"curies":[{"name":"wp","href":"https:\/\/api.w.org\/{rel}","templated":true}]}}