{"id":446,"date":"2025-03-03T15:52:00","date_gmt":"2025-03-03T14:52:00","guid":{"rendered":"https:\/\/podzial.rodzinne.com.pl\/news\/?p=446"},"modified":"2025-04-09T20:10:54","modified_gmt":"2025-04-09T18:10:54","slug":"srodki-ochrony-prawnej-malzonka-dluznika","status":"publish","type":"post","link":"https:\/\/podzial.rodzinne.com.pl\/news\/srodki-ochrony-prawnej-malzonka-dluznika\/","title":{"rendered":"\u015arodki ochrony prawnej ma\u0142\u017conka d\u0142u\u017cnika"},"content":{"rendered":"\n<p>Zdarza si\u0119, \u017ce jeden z ma\u0142\u017conk\u00f3w posiada nieuregulowane zobowi\u0105zania, zaci\u0105gni\u0119te przed zawarciem ma\u0142\u017ce\u0144stwa oraz powstania ustawowego lub umownego ustroju maj\u0105tkowego. W sytuacji, gdy ma\u0142\u017conek b\u0119d\u0105cy d\u0142u\u017cnikiem wdaje si\u0119 w sp\u00f3r s\u0105dowy, w kt\u00f3rym dochodzi do wydania wyroku nakazuj\u0105cego zap\u0142at\u0119 na rzecz wierzyciela, drugi ma\u0142\u017conek jako osoba nieb\u0119d\u0105ca d\u0142u\u017cnikiem powinien mie\u0107 \u015bwiadomo\u015b\u0107 przys\u0142uguj\u0105cych mu \u015brodk\u00f3w ochrony prawnej.<\/p>\n\n\n\n<p>Cz\u0119sto w takiej sytuacji wierzyciel, po uzyskaniu korzystnego dla siebie orzeczenia s\u0105dowego, nie zabezpiecza interesu prawnego ma\u0142\u017conka d\u0142u\u017cnika, a wi\u0119c osoby nieb\u0119d\u0105cej d\u0142u\u017cnikiem wzgl\u0119dem tego wierzyciela, podejmuj\u0105c dalsze kroki prawne celem szybkiego odzyskania nale\u017cno\u015bci w drodze post\u0119powania egzekucyjnego.<\/p>\n\n\n\n<p>Aby skierowa\u0107 orzeczenie do egzekucji komorniczej, wierzyciel musi uzyska\u0107 s\u0105dow\u0105 klauzul\u0119 wykonalno\u015bci. Z\u0142o\u017cenie wniosku do s\u0105du powszechnego o nadanie klauzuli wykonalno\u015bci inicjuje post\u0119powanie klauzulowe w s\u0105dzie. Ma\u0142\u017conek d\u0142u\u017cnika mo\u017ce ju\u017c na tym etapie zg\u0142asza\u0107 zarzuty wynikaj\u0105ce z art. 41 \u00a7 3 Kodeksu rodzinnego i opieku\u0144czego, zgodnie z kt\u00f3rym: Je\u017celi wierzytelno\u015b\u0107 powsta\u0142a przed powstaniem wsp\u00f3lno\u015bci lub dotyczy maj\u0105tku osobistego jednego z ma\u0142\u017conk\u00f3w, wierzyciel mo\u017ce \u017c\u0105da\u0107 zaspokojenia z maj\u0105tku osobistego d\u0142u\u017cnika, z wynagrodzenia za prac\u0119 lub z dochod\u00f3w uzyskanych przez d\u0142u\u017cnika z innej dzia\u0142alno\u015bci zarobkowej, jak r\u00f3wnie\u017c z korzy\u015bci uzyskanych z jego praw, o kt\u00f3rych mowa w art. 33 pkt 9. Interwencja prawna na tym etapie jest jednak utrudniona, bowiem s\u0105d nie dor\u0119cza co do zasady wniosku o nadanie klauzuli wykonalno\u015bci na dany tytu\u0142 egzekucyjny d\u0142u\u017cnikowi ani ma\u0142\u017conkowi d\u0142u\u017cnika, zatem zaj\u0119cie stanowiska przez samego ma\u0142\u017conka b\u0119d\u0105cego d\u0142u\u017cnikiem lub ma\u0142\u017conka d\u0142u\u017cnika przed nadaniem s\u0105dowej klauzuli wykonalno\u015bci jest utrudnione. Dodatkowo, na tym etapie sprawy badanie przez S\u0105d zasadno\u015bci roszczenia stwierdzonego tytu\u0142em egzekucyjnym jest ograniczone.<\/p>\n\n\n\n<p>Je\u015bli ju\u017c dochodzi do nadania klauzuli wykonalno\u015bci, kt\u00f3rej tre\u015b\u0107 pozwala na egzekucj\u0119 w zakresie godz\u0105cym w prawa ma\u0142\u017conka nieb\u0119d\u0105cego d\u0142u\u017cnikiem, \u015brodki ochrony prawnej tego ma\u0142\u017conka s\u0105 inne. Wspomnia\u0142 o tym S\u0105d Najwy\u017cszy w wyroku z dnia 17 stycznia 2020 r. (sygn. akt: IV CSK 499\/18), z kt\u00f3rego wynika, \u017ce ma\u0142\u017conek nieb\u0119d\u0105cy d\u0142u\u017cnikiem mo\u017ce &#8211; poprzez wniesienie pow\u00f3dztwa przeciwegzekucyjnego &#8211; \u017c\u0105da\u0107 pozbawienia tytu\u0142u wykonawczego w ca\u0142o\u015bci lub w cz\u0119\u015bci, albo jego ograniczenia. Co istotne, ma\u0142\u017conek ten w toku post\u0119powania przeciwegzekucyjnego mo\u017ce zg\u0142asza\u0107 nie tylko zarzuty przys\u0142uguj\u0105ce mu jako nie-d\u0142u\u017cnikowi, ale tak\u017ce podnosi\u0107 zarzuty, kt\u00f3rych ma\u0142\u017conek b\u0119d\u0105cy d\u0142u\u017cnikiem wcze\u015bniej nie podni\u00f3s\u0142 w procesie zako\u0144czonym wydaniem tytu\u0142u egzekucyjnego, cho\u0107 przys\u0142ugiwa\u0142y mu z mocy prawa, takie jak zarzut spe\u0142nienia \u015bwiadczenia, przedawnienia czy kwestionowanie samego istnienia zobowi\u0105zania zg\u0142oszonego w wytoczonym przez wierzyciela pow\u00f3dztwie. Zapatrywania prawne S\u0105du Najwy\u017cszego wynikaj\u0105 wprost z tre\u015bci art. 840 \u00a7 1 pkt 3 Kodeksu post\u0119powania cywilnego: D\u0142u\u017cnik mo\u017ce w drodze pow\u00f3dztwa \u017c\u0105da\u0107 pozbawienia tytu\u0142u wykonawczego wykonalno\u015bci w ca\u0142o\u015bci lub cz\u0119\u015bci albo ograniczenia, je\u017celi ma\u0142\u017conek, przeciwko kt\u00f3remu s\u0105d nada\u0142 klauzul\u0119 wykonalno\u015bci na podstawie art. 787, wyka\u017ce, \u017ce egzekwowane \u015bwiadczenie wierzycielowi nie nale\u017cy si\u0119, przy czym ma\u0142\u017conkowi temu przys\u0142uguj\u0105 zarzuty nie tylko z w\u0142asnego prawa, lecz tak\u017ce zarzuty, kt\u00f3rych jego ma\u0142\u017conek wcze\u015bniej nie m\u00f3g\u0142 podnie\u015b\u0107.<\/p>\n\n\n\n<p>Je\u015bli zatem Tw\u00f3j ma\u0142\u017conek znajduje si\u0119 w sporze prawnym z wierzycielem i potencjalnie w kr\u00f3tkim czasie mo\u017ce do\u015b\u0107 do wszcz\u0119cia post\u0119powania egzekucyjnego, skorzystaj z profesjonalnej pomocy prawnej ju\u017c na najwcze\u015bniejszym etapie sprawy, by unikn\u0105\u0107 skutk\u00f3w niecelowego post\u0119powania egzekucyjnego.<\/p>\n","protected":false},"excerpt":{"rendered":"<p>Zdarza si\u0119, \u017ce jeden z ma\u0142\u017conk\u00f3w posiada nieuregulowane zobowi\u0105zania, zaci\u0105gni\u0119te przed zawarciem ma\u0142\u017ce\u0144stwa oraz powstania ustawowego lub umownego ustroju maj\u0105tkowego. W sytuacji, gdy ma\u0142\u017conek b\u0119d\u0105cy d\u0142u\u017cnikiem wdaje si\u0119 w sp\u00f3r s\u0105dowy, w kt\u00f3rym dochodzi do wydania wyroku nakazuj\u0105cego zap\u0142at\u0119 na rzecz wierzyciela, drugi ma\u0142\u017conek jako osoba nieb\u0119d\u0105ca d\u0142u\u017cnikiem powinien mie\u0107 \u015bwiadomo\u015b\u0107 przys\u0142uguj\u0105cych mu \u015brodk\u00f3w ochrony [&hellip;]<\/p>\n","protected":false},"author":1,"featured_media":0,"comment_status":"closed","ping_status":"open","sticky":false,"template":"","format":"standard","meta":{"footnotes":""},"categories":[2],"tags":[8,9,11,10],"class_list":["post-446","post","type-post","status-publish","format-standard","hentry","category-news-pl","tag-dluznik","tag-majatek","tag-ochrona-prana","tag-wierzyciel"],"_links":{"self":[{"href":"https:\/\/podzial.rodzinne.com.pl\/news\/wp-json\/wp\/v2\/posts\/446","targetHints":{"allow":["GET"]}}],"collection":[{"href":"https:\/\/podzial.rodzinne.com.pl\/news\/wp-json\/wp\/v2\/posts"}],"about":[{"href":"https:\/\/podzial.rodzinne.com.pl\/news\/wp-json\/wp\/v2\/types\/post"}],"author":[{"embeddable":true,"href":"https:\/\/podzial.rodzinne.com.pl\/news\/wp-json\/wp\/v2\/users\/1"}],"replies":[{"embeddable":true,"href":"https:\/\/podzial.rodzinne.com.pl\/news\/wp-json\/wp\/v2\/comments?post=446"}],"version-history":[{"count":2,"href":"https:\/\/podzial.rodzinne.com.pl\/news\/wp-json\/wp\/v2\/posts\/446\/revisions"}],"predecessor-version":[{"id":458,"href":"https:\/\/podzial.rodzinne.com.pl\/news\/wp-json\/wp\/v2\/posts\/446\/revisions\/458"}],"wp:attachment":[{"href":"https:\/\/podzial.rodzinne.com.pl\/news\/wp-json\/wp\/v2\/media?parent=446"}],"wp:term":[{"taxonomy":"category","embeddable":true,"href":"https:\/\/podzial.rodzinne.com.pl\/news\/wp-json\/wp\/v2\/categories?post=446"},{"taxonomy":"post_tag","embeddable":true,"href":"https:\/\/podzial.rodzinne.com.pl\/news\/wp-json\/wp\/v2\/tags?post=446"}],"curies":[{"name":"wp","href":"https:\/\/api.w.org\/{rel}","templated":true}]}}