{"id":63,"date":"2019-11-04T19:47:00","date_gmt":"2019-11-04T18:47:00","guid":{"rendered":"https:\/\/podzial.rodzinne.com.pl\/news\/?p=63"},"modified":"2025-04-09T22:01:06","modified_gmt":"2025-04-09T20:01:06","slug":"relacje-pomiedzy-majatkami-osobistymi-malzonkow-a-majatkiem-wspolnym","status":"publish","type":"post","link":"https:\/\/podzial.rodzinne.com.pl\/news\/relacje-pomiedzy-majatkami-osobistymi-malzonkow-a-majatkiem-wspolnym\/","title":{"rendered":"Relacje pomi\u0119dzy maj\u0105tkami osobistymi ma\u0142\u017conk\u00f3w a maj\u0105tkiem wsp\u00f3lnym"},"content":{"rendered":"\n<p>Najpopularniejszym spo\u015br\u00f3d ma\u0142\u017ce\u0144skich ustroj\u00f3w maj\u0105tkowych jest wsp\u00f3lno\u015b\u0107 maj\u0105tkowa. W ustroju tym funkcjonuj\u0105 jednocze\u015bnie trzy maj\u0105tki: maj\u0105tek osobisty \u017cony, maj\u0105tek osobisty m\u0119\u017ca i maj\u0105tek wsp\u00f3lny. Rozr\u00f3\u017cnienie jakie przedmioty wchodz\u0105 do kt\u00f3rego maj\u0105tku bywa w&nbsp;niekt\u00f3rych sytuacjach problematyczne. Trudno\u015bci mo\u017ce sprawia\u0107 ustalenie do kt\u00f3rego z&nbsp;maj\u0105tk\u00f3w wszed\u0142 przedmiot, kt\u00f3ry kupiono cz\u0119\u015bciowo za pieni\u0105dze z maj\u0105tku osobistego jednego z ma\u0142\u017conk\u00f3w a cz\u0119\u015bciowo z maj\u0105tku wsp\u00f3lnego.<\/p>\n\n\n\n<p>Zagadnienie to w przesz\u0142o\u015bci wielokrotnie porusza\u0142 S\u0105d Najwy\u017cszy z r\u00f3\u017cnymi rezultatami. Ostatecznie 19 pa\u017adziernika 2018 r. S\u0105d Najwy\u017cszy wyda\u0142 uchwa\u0142\u0119 w sk\u0142adzie trzech s\u0119dzi\u00f3w (sygn. akt: III CZP 45\/18), w kt\u00f3rej opowiedzia\u0142 si\u0119 za s\u0142uszno\u015bci\u0105 teorii zgodnie z kt\u00f3r\u0105 \u201erzecz nabyta w trakcie trwania ma\u0142\u017ce\u0144stwa, w kt\u00f3rym obowi\u0105zuje ustawowa wsp\u00f3lno\u015b\u0107 maj\u0105tkowa, w cz\u0119\u015bci ze \u015brodk\u00f3w pochodz\u0105cych z maj\u0105tku osobistego jednego z ma\u0142\u017conk\u00f3w, a w cz\u0119\u015bci z ich maj\u0105tku wsp\u00f3lnego, wchodzi do maj\u0105tku osobistego ma\u0142\u017conka i do maj\u0105tku wsp\u00f3lnego ma\u0142\u017conk\u00f3w w udzia\u0142ach odpowiadaj\u0105cych stosunkowi \u015brodk\u00f3w przeznaczonych z tych maj\u0105tk\u00f3w na jej nabycie, chyba \u017ce \u015bwiadczenie z maj\u0105tku osobistego lub maj\u0105tku wsp\u00f3lnego przekazane na nabycie rzeczy mia\u0142o charakter nak\u0142adu, odpowiednio, na maj\u0105tek wsp\u00f3lny lub osobisty\u201d.<\/p>\n\n\n\n<p>Dla przyk\u0142adu, mo\u017cna wyobrazi\u0107 siebie ma\u0142\u017ce\u0144stwo, Ani\u0119 i Tomka, pomi\u0119dzy kt\u00f3rymi panuje wsp\u00f3lno\u015b\u0107 maj\u0105tkowa. Ania otrzyma\u0142a w spadku 300&nbsp;000 z\u0142 (spadki i darowizny co do zasady wchodz\u0105 do maj\u0105tku osobistego ma\u0142\u017conka). Ma\u0142\u017conkowie uzbierali wsp\u00f3lnie (z wynagrodzenia za prac\u0119, kt\u00f3re co do zasady wchodzi do maj\u0105tku wsp\u00f3lnego) jeszcze 200&nbsp;000 z\u0142 i za 500&nbsp;000 z\u0142 kupili mieszkanie. Mieszkanie to b\u0119dzie w 60% nale\u017ca\u0142o do Ani, a w 40% do obydwojga wsp\u00f3lnie. Je\u017celi Ania i Tomek si\u0119 rozwiod\u0105 i dojdzie do r\u00f3wnego podzia\u0142u maj\u0105tku (co jest sytuacj\u0105 najbardziej typow\u0105), to Ania b\u0119dzie w\u0142a\u015bcicielk\u0105 80% mieszkania, a Tomek 20% mieszkania.<\/p>\n\n\n\n<p>Nale\u017cy pami\u0119ta\u0107, \u017ce uchwa\u0142y S\u0105du Najwy\u017cszego nie s\u0105 wi\u0105\u017c\u0105ce dla s\u0105d\u00f3w, dlatego w&nbsp;poszczeg\u00f3lnych sprawach mog\u0105 pojawi\u0107 wyroki odmienne. Jednak\u017ce sytuacje takie s\u0105 niezmiernie rzadkie, gdy\u017c S\u0105d Najwy\u017cszy cieszy si\u0119 wysokim autorytetem a jego wyroki i&nbsp;uchwa\u0142y s\u0105 uwa\u017cane za cenne wskaz\u00f3wki interpretacyjne.<\/p>\n\n\n\n<div class=\"wp-block-buttons is-layout-flex wp-block-buttons-is-layout-flex\">\n<div class=\"wp-block-button\"><a class=\"wp-block-button__link has-accent-3-background-color has-background wp-element-button\" href=\"https:\/\/podzial.rodzinne.com.pl\/pdf\/iii-czp-45-18.pdf\">tre\u015b\u0107 orzeczenia<\/a><\/div>\n<\/div>\n\n\n\n<p><\/p>\n","protected":false},"excerpt":{"rendered":"<p>Najpopularniejszym spo\u015br\u00f3d ma\u0142\u017ce\u0144skich ustroj\u00f3w maj\u0105tkowych jest wsp\u00f3lno\u015b\u0107 maj\u0105tkowa. W ustroju tym funkcjonuj\u0105 jednocze\u015bnie trzy maj\u0105tki: maj\u0105tek osobisty \u017cony, maj\u0105tek osobisty m\u0119\u017ca i maj\u0105tek wsp\u00f3lny. Rozr\u00f3\u017cnienie jakie przedmioty wchodz\u0105 do kt\u00f3rego maj\u0105tku bywa w&nbsp;niekt\u00f3rych sytuacjach problematyczne. Trudno\u015bci mo\u017ce sprawia\u0107 ustalenie do kt\u00f3rego z&nbsp;maj\u0105tk\u00f3w wszed\u0142 przedmiot, kt\u00f3ry kupiono cz\u0119\u015bciowo za pieni\u0105dze z maj\u0105tku osobistego jednego z ma\u0142\u017conk\u00f3w [&hellip;]<\/p>\n","protected":false},"author":1,"featured_media":0,"comment_status":"open","ping_status":"open","sticky":false,"template":"","format":"standard","meta":{"footnotes":""},"categories":[2],"tags":[139,40,38,137,138],"class_list":["post-63","post","type-post","status-publish","format-standard","hentry","category-news-pl","tag-darowizny","tag-majatek-osobisty","tag-majatek-wspolny","tag-malzenstwo","tag-spadki"],"_links":{"self":[{"href":"https:\/\/podzial.rodzinne.com.pl\/news\/wp-json\/wp\/v2\/posts\/63","targetHints":{"allow":["GET"]}}],"collection":[{"href":"https:\/\/podzial.rodzinne.com.pl\/news\/wp-json\/wp\/v2\/posts"}],"about":[{"href":"https:\/\/podzial.rodzinne.com.pl\/news\/wp-json\/wp\/v2\/types\/post"}],"author":[{"embeddable":true,"href":"https:\/\/podzial.rodzinne.com.pl\/news\/wp-json\/wp\/v2\/users\/1"}],"replies":[{"embeddable":true,"href":"https:\/\/podzial.rodzinne.com.pl\/news\/wp-json\/wp\/v2\/comments?post=63"}],"version-history":[{"count":3,"href":"https:\/\/podzial.rodzinne.com.pl\/news\/wp-json\/wp\/v2\/posts\/63\/revisions"}],"predecessor-version":[{"id":498,"href":"https:\/\/podzial.rodzinne.com.pl\/news\/wp-json\/wp\/v2\/posts\/63\/revisions\/498"}],"wp:attachment":[{"href":"https:\/\/podzial.rodzinne.com.pl\/news\/wp-json\/wp\/v2\/media?parent=63"}],"wp:term":[{"taxonomy":"category","embeddable":true,"href":"https:\/\/podzial.rodzinne.com.pl\/news\/wp-json\/wp\/v2\/categories?post=63"},{"taxonomy":"post_tag","embeddable":true,"href":"https:\/\/podzial.rodzinne.com.pl\/news\/wp-json\/wp\/v2\/tags?post=63"}],"curies":[{"name":"wp","href":"https:\/\/api.w.org\/{rel}","templated":true}]}}