{"id":125,"count":1,"description":"","link":"https:\/\/podzial.rodzinne.com.pl\/news\/tag\/zwiazek-malzenski\/","name":"zwi\u0105zek ma\u0142\u017ce\u0144ski","slug":"zwiazek-malzenski","taxonomy":"post_tag","meta":[],"_links":{"self":[{"href":"https:\/\/podzial.rodzinne.com.pl\/news\/wp-json\/wp\/v2\/tags\/125","targetHints":{"allow":["GET"]}}],"collection":[{"href":"https:\/\/podzial.rodzinne.com.pl\/news\/wp-json\/wp\/v2\/tags"}],"about":[{"href":"https:\/\/podzial.rodzinne.com.pl\/news\/wp-json\/wp\/v2\/taxonomies\/post_tag"}],"wp:post_type":[{"href":"https:\/\/podzial.rodzinne.com.pl\/news\/wp-json\/wp\/v2\/posts?tags=125"}],"curies":[{"name":"wp","href":"https:\/\/api.w.org\/{rel}","templated":true}]}}